{"id":242695,"date":"2003-02-08T06:39:00","date_gmt":"2003-02-08T06:39:00","guid":{"rendered":"https:\/\/intlweloveu.org\/donation-for-the-relief-work-for-the-daegu-subway-tragedy\/"},"modified":"2026-04-29T04:50:36","modified_gmt":"2026-04-29T04:50:36","slug":"donation-for-the-relief-work-for-the-daegu-subway-tragedy","status":"publish","type":"post","link":"https:\/\/intlweloveu.org\/vi\/donation-for-the-relief-work-for-the-daegu-subway-tragedy\/","title":{"rendered":"Trao t\u1eb7ng ti\u1ec1n quy\u00ean g\u00f3p cho th\u1ea3m h\u1ecda t\u00e0u \u0111i\u1ec7n ng\u1ea7m Daegu"},"content":{"rendered":"<figure class=\"wp-block-image size-full limit\"><img loading=\"lazy\" decoding=\"async\" width=\"425\" height=\"257\" src=\"https:\/\/intlweloveu.org\/wp-content\/uploads\/2025\/10\/image_daegu_subway.jpg\" alt=\"\" class=\"wp-image-18783\"\/><\/figure>\n<h2 class=\"wp-block-heading\"><strong><strong><strong>T\u1ed5 ch\u1ee9c Ph\u00fac l\u1ee3i S\u1ef1 s\u1ed1ng m\u1edbi trao t\u1eb7ng ti\u1ec1n quy\u00ean g\u00f3p cho T\u00f2a th\u1ecb ch\u00ednh Daegu<\/strong><\/strong><\/strong><\/h2>\n<p>T\u1ed5 ch\u1ee9c Ph\u00fac l\u1ee3i S\u1ef1 s\u1ed1ng m\u1edbi \u0111\u00e3 trao t\u1eb7ng kho\u1ea3n quy\u00ean g\u00f3p cho T\u00f2a th\u1ecb ch\u00ednh Daegu \u0111\u1ec3 h\u1ed7 tr\u1ee3 kh\u1eafc ph\u1ee5c h\u1eadu qu\u1ea3 sau th\u1ea3m h\u1ecda t\u00e0u \u0111i\u1ec7n ng\u1ea7m Daegu.<\/p>\n","protected":false},"excerpt":{"rendered":"T\u1ed5 ch\u1ee9c Ph\u00fac l\u1ee3i S\u1ef1 s\u1ed1ng m\u1edbi trao t\u1eb7ng ti\u1ec1n quy\u00ean g\u00f3p cho T\u00f2a th\u1ecb ch\u00ednh Daegu T\u1ed5 ch\u1ee9c Ph\u00fac l\u1ee3i S\u1ef1 s\u1ed1ng m\u1edbi \u0111\u00e3 trao t\u1eb7ng kho\u1ea3n quy\u00ean g\u00f3p cho T\u00f2a th\u1ecb ch\u00ednh Daegu \u0111\u1ec3 h\u1ed7 tr\u1ee3 kh\u1eafc ph\u1ee5c h\u1eadu qu\u1ea3 sau th\u1ea3m h\u1ecda t\u00e0u \u0111i\u1ec7n ng\u1ea7m Daegu.","protected":false},"author":2,"featured_media":216620,"comment_status":"closed","ping_status":"closed","sticky":false,"template":"","format":"standard","meta":{"footnotes":""},"categories":[126,98,64,61],"tags":[],"class_list":["post-242695","post","type-post","status-publish","format-standard","has-post-thumbnail","hentry","category-community-well-being","category-sdgs-good-health-well-being","category-news","category-sdgs"],"yoast_head":"<!-- This site is optimized with the Yoast SEO plugin v26.8 - https:\/\/yoast.com\/product\/yoast-seo-wordpress\/ -->\n<title>Trao t\u1eb7ng ti\u1ec1n quy\u00ean g\u00f3p cho th\u1ea3m h\u1ecda t\u00e0u \u0111i\u1ec7n ng\u1ea7m Daegu - Qu\u1ef9 WeLoveU Qu\u1ed1c t\u1ebf<\/title>\n<meta name=\"robots\" content=\"index, follow, max-snippet:-1, max-image-preview:large, max-video-preview:-1\" \/>\n<link rel=\"canonical\" href=\"https:\/\/intlweloveu.org\/vi\/donation-for-the-relief-work-for-the-daegu-subway-tragedy\/\" \/>\n<meta property=\"og:locale\" content=\"vi_VN\" \/>\n<meta property=\"og:type\" content=\"article\" \/>\n<meta property=\"og:title\" content=\"Trao t\u1eb7ng ti\u1ec1n quy\u00ean g\u00f3p cho th\u1ea3m h\u1ecda t\u00e0u \u0111i\u1ec7n ng\u1ea7m Daegu - Qu\u1ef9 WeLoveU Qu\u1ed1c t\u1ebf\" \/>\n<meta property=\"og:description\" content=\"T\u1ed5 ch\u1ee9c Ph\u00fac l\u1ee3i S\u1ef1 s\u1ed1ng m\u1edbi trao t\u1eb7ng ti\u1ec1n quy\u00ean g\u00f3p cho T\u00f2a th\u1ecb ch\u00ednh Daegu T\u1ed5 ch\u1ee9c Ph\u00fac l\u1ee3i S\u1ef1 s\u1ed1ng m\u1edbi \u0111\u00e3 trao t\u1eb7ng kho\u1ea3n quy\u00ean g\u00f3p cho T\u00f2a th\u1ecb ch\u00ednh Daegu \u0111\u1ec3 h\u1ed7 tr\u1ee3 kh\u1eafc ph\u1ee5c h\u1eadu qu\u1ea3 sau th\u1ea3m h\u1ecda t\u00e0u \u0111i\u1ec7n ng\u1ea7m Daegu.\" \/>\n<meta property=\"og:url\" content=\"https:\/\/intlweloveu.org\/vi\/donation-for-the-relief-work-for-the-daegu-subway-tragedy\/\" \/>\n<meta property=\"og:site_name\" content=\"Qu\u1ef9 WeLoveU Qu\u1ed1c t\u1ebf\" \/>\n<meta property=\"article:published_time\" content=\"2003-02-08T06:39:00+00:00\" \/>\n<meta property=\"article:modified_time\" content=\"2026-04-29T04:50:36+00:00\" \/>\n<meta property=\"og:image\" content=\"https:\/\/intlweloveu.org\/wp-content\/uploads\/2025\/10\/image_daegu_subway.jpg\" \/>\n\t<meta property=\"og:image:width\" content=\"425\" \/>\n\t<meta property=\"og:image:height\" content=\"257\" \/>\n\t<meta property=\"og:image:type\" content=\"image\/jpeg\" \/>\n<meta name=\"author\" content=\"j hj\" \/>\n<meta name=\"twitter:card\" content=\"summary_large_image\" \/>\n<meta name=\"twitter:label1\" content=\"\u0110\u01b0\u1ee3c vi\u1ebft b\u1edfi\" \/>\n\t<meta name=\"twitter:data1\" content=\"j hj\" \/>\n\t<meta name=\"twitter:label2\" content=\"\u01af\u1edbc t\u00ednh th\u1eddi gian \u0111\u1ecdc\" \/>\n\t<meta name=\"twitter:data2\" content=\"1 ph\u00fat\" \/>\n<script type=\"application\/ld+json\" class=\"yoast-schema-graph\">{\"@context\":\"https:\/\/schema.org\",\"@graph\":[{\"@type\":\"Article\",\"@id\":\"https:\/\/intlweloveu.org\/vi\/donation-for-the-relief-work-for-the-daegu-subway-tragedy\/#article\",\"isPartOf\":{\"@id\":\"https:\/\/intlweloveu.org\/vi\/donation-for-the-relief-work-for-the-daegu-subway-tragedy\/\"},\"author\":{\"name\":\"j hj\",\"@id\":\"https:\/\/intlweloveu.org\/#\/schema\/person\/af9821c1453edeccd996f59fcfe63b45\"},\"headline\":\"Trao t\u1eb7ng ti\u1ec1n quy\u00ean g\u00f3p cho th\u1ea3m h\u1ecda t\u00e0u \u0111i\u1ec7n ng\u1ea7m Daegu\",\"datePublished\":\"2003-02-08T06:39:00+00:00\",\"dateModified\":\"2026-04-29T04:50:36+00:00\",\"mainEntityOfPage\":{\"@id\":\"https:\/\/intlweloveu.org\/vi\/donation-for-the-relief-work-for-the-daegu-subway-tragedy\/\"},\"wordCount\":98,\"image\":{\"@id\":\"https:\/\/intlweloveu.org\/vi\/donation-for-the-relief-work-for-the-daegu-subway-tragedy\/#primaryimage\"},\"thumbnailUrl\":\"https:\/\/intlweloveu.org\/wp-content\/uploads\/2025\/10\/image_daegu_subway.jpg\",\"articleSection\":[\"Ph\u00fac l\u1ee3i x\u00e3 h\u1ed9i \u0111\u1ecba ph\u01b0\u01a1ng\",\"S\u1ee9c kh\u1ecfe v\u00e0 c\u00f3 cu\u1ed9c s\u1ed1ng t\u1ed1t\",\"Tin t\u1ee9c ho\u1ea1t \u0111\u1ed9ng\",\"With SDGs\"],\"inLanguage\":\"vi\"},{\"@type\":\"WebPage\",\"@id\":\"https:\/\/intlweloveu.org\/vi\/donation-for-the-relief-work-for-the-daegu-subway-tragedy\/\",\"url\":\"https:\/\/intlweloveu.org\/vi\/donation-for-the-relief-work-for-the-daegu-subway-tragedy\/\",\"name\":\"Trao t\u1eb7ng ti\u1ec1n quy\u00ean g\u00f3p cho th\u1ea3m h\u1ecda t\u00e0u \u0111i\u1ec7n ng\u1ea7m Daegu - Qu\u1ef9 WeLoveU Qu\u1ed1c t\u1ebf\",\"isPartOf\":{\"@id\":\"https:\/\/intlweloveu.org\/#website\"},\"primaryImageOfPage\":{\"@id\":\"https:\/\/intlweloveu.org\/vi\/donation-for-the-relief-work-for-the-daegu-subway-tragedy\/#primaryimage\"},\"image\":{\"@id\":\"https:\/\/intlweloveu.org\/vi\/donation-for-the-relief-work-for-the-daegu-subway-tragedy\/#primaryimage\"},\"thumbnailUrl\":\"https:\/\/intlweloveu.org\/wp-content\/uploads\/2025\/10\/image_daegu_subway.jpg\",\"datePublished\":\"2003-02-08T06:39:00+00:00\",\"dateModified\":\"2026-04-29T04:50:36+00:00\",\"author\":{\"@id\":\"https:\/\/intlweloveu.org\/#\/schema\/person\/af9821c1453edeccd996f59fcfe63b45\"},\"breadcrumb\":{\"@id\":\"https:\/\/intlweloveu.org\/vi\/donation-for-the-relief-work-for-the-daegu-subway-tragedy\/#breadcrumb\"},\"inLanguage\":\"vi\",\"potentialAction\":[{\"@type\":\"ReadAction\",\"target\":[\"https:\/\/intlweloveu.org\/vi\/donation-for-the-relief-work-for-the-daegu-subway-tragedy\/\"]}]},{\"@type\":\"ImageObject\",\"inLanguage\":\"vi\",\"@id\":\"https:\/\/intlweloveu.org\/vi\/donation-for-the-relief-work-for-the-daegu-subway-tragedy\/#primaryimage\",\"url\":\"https:\/\/intlweloveu.org\/wp-content\/uploads\/2025\/10\/image_daegu_subway.jpg\",\"contentUrl\":\"https:\/\/intlweloveu.org\/wp-content\/uploads\/2025\/10\/image_daegu_subway.jpg\",\"width\":425,\"height\":257},{\"@type\":\"BreadcrumbList\",\"@id\":\"https:\/\/intlweloveu.org\/vi\/donation-for-the-relief-work-for-the-daegu-subway-tragedy\/#breadcrumb\",\"itemListElement\":[{\"@type\":\"ListItem\",\"position\":1,\"name\":\"\ud648\",\"item\":\"https:\/\/intlweloveu.org\/vi\/\"},{\"@type\":\"ListItem\",\"position\":2,\"name\":\"Trao t\u1eb7ng ti\u1ec1n quy\u00ean g\u00f3p cho th\u1ea3m h\u1ecda t\u00e0u \u0111i\u1ec7n ng\u1ea7m Daegu\"}]},{\"@type\":\"WebSite\",\"@id\":\"https:\/\/intlweloveu.org\/#website\",\"url\":\"https:\/\/intlweloveu.org\/\",\"name\":\"The Intl. WeLoveU Foundation\",\"description\":\"T\u00ecnh y\u00eau th\u01b0\u01a1ng c\u1ee7a m\u1eb9 \u0111\u01b0\u1ee3c truy\u1ec1n kh\u1eafp th\u1ebf gian\",\"alternateName\":\"\uad6d\uc81c\uc704\ub7ec\ube0c\uc720\uc6b4\ub3d9\ubcf8\ubd80\",\"potentialAction\":[{\"@type\":\"SearchAction\",\"target\":{\"@type\":\"EntryPoint\",\"urlTemplate\":\"https:\/\/intlweloveu.org\/?s={search_term_string}\"},\"query-input\":{\"@type\":\"PropertyValueSpecification\",\"valueRequired\":true,\"valueName\":\"search_term_string\"}}],\"inLanguage\":\"vi\"},{\"@type\":\"Person\",\"@id\":\"https:\/\/intlweloveu.org\/#\/schema\/person\/af9821c1453edeccd996f59fcfe63b45\",\"name\":\"j hj\"}]}<\/script>\n<!-- \/ Yoast SEO plugin. -->","yoast_head_json":{"title":"Trao t\u1eb7ng ti\u1ec1n quy\u00ean g\u00f3p cho th\u1ea3m h\u1ecda t\u00e0u \u0111i\u1ec7n ng\u1ea7m Daegu - Qu\u1ef9 WeLoveU Qu\u1ed1c t\u1ebf","robots":{"index":"index","follow":"follow","max-snippet":"max-snippet:-1","max-image-preview":"max-image-preview:large","max-video-preview":"max-video-preview:-1"},"canonical":"https:\/\/intlweloveu.org\/vi\/donation-for-the-relief-work-for-the-daegu-subway-tragedy\/","og_locale":"vi_VN","og_type":"article","og_title":"Trao t\u1eb7ng ti\u1ec1n quy\u00ean g\u00f3p cho th\u1ea3m h\u1ecda t\u00e0u \u0111i\u1ec7n ng\u1ea7m Daegu - Qu\u1ef9 WeLoveU Qu\u1ed1c t\u1ebf","og_description":"T\u1ed5 ch\u1ee9c Ph\u00fac l\u1ee3i S\u1ef1 s\u1ed1ng m\u1edbi trao t\u1eb7ng ti\u1ec1n quy\u00ean g\u00f3p cho T\u00f2a th\u1ecb ch\u00ednh Daegu T\u1ed5 ch\u1ee9c Ph\u00fac l\u1ee3i S\u1ef1 s\u1ed1ng m\u1edbi \u0111\u00e3 trao t\u1eb7ng kho\u1ea3n quy\u00ean g\u00f3p cho T\u00f2a th\u1ecb ch\u00ednh Daegu \u0111\u1ec3 h\u1ed7 tr\u1ee3 kh\u1eafc ph\u1ee5c h\u1eadu qu\u1ea3 sau th\u1ea3m h\u1ecda t\u00e0u \u0111i\u1ec7n ng\u1ea7m Daegu.","og_url":"https:\/\/intlweloveu.org\/vi\/donation-for-the-relief-work-for-the-daegu-subway-tragedy\/","og_site_name":"Qu\u1ef9 WeLoveU Qu\u1ed1c t\u1ebf","article_published_time":"2003-02-08T06:39:00+00:00","article_modified_time":"2026-04-29T04:50:36+00:00","og_image":[{"width":425,"height":257,"url":"https:\/\/intlweloveu.org\/wp-content\/uploads\/2025\/10\/image_daegu_subway.jpg","type":"image\/jpeg"}],"author":"j hj","twitter_card":"summary_large_image","twitter_misc":{"\u0110\u01b0\u1ee3c vi\u1ebft b\u1edfi":"j hj","\u01af\u1edbc t\u00ednh th\u1eddi gian \u0111\u1ecdc":"1 ph\u00fat"},"schema":{"@context":"https:\/\/schema.org","@graph":[{"@type":"Article","@id":"https:\/\/intlweloveu.org\/vi\/donation-for-the-relief-work-for-the-daegu-subway-tragedy\/#article","isPartOf":{"@id":"https:\/\/intlweloveu.org\/vi\/donation-for-the-relief-work-for-the-daegu-subway-tragedy\/"},"author":{"name":"j hj","@id":"https:\/\/intlweloveu.org\/#\/schema\/person\/af9821c1453edeccd996f59fcfe63b45"},"headline":"Trao t\u1eb7ng ti\u1ec1n quy\u00ean g\u00f3p cho th\u1ea3m h\u1ecda t\u00e0u \u0111i\u1ec7n ng\u1ea7m Daegu","datePublished":"2003-02-08T06:39:00+00:00","dateModified":"2026-04-29T04:50:36+00:00","mainEntityOfPage":{"@id":"https:\/\/intlweloveu.org\/vi\/donation-for-the-relief-work-for-the-daegu-subway-tragedy\/"},"wordCount":98,"image":{"@id":"https:\/\/intlweloveu.org\/vi\/donation-for-the-relief-work-for-the-daegu-subway-tragedy\/#primaryimage"},"thumbnailUrl":"https:\/\/intlweloveu.org\/wp-content\/uploads\/2025\/10\/image_daegu_subway.jpg","articleSection":["Ph\u00fac l\u1ee3i x\u00e3 h\u1ed9i \u0111\u1ecba ph\u01b0\u01a1ng","S\u1ee9c kh\u1ecfe v\u00e0 c\u00f3 cu\u1ed9c s\u1ed1ng t\u1ed1t","Tin t\u1ee9c ho\u1ea1t \u0111\u1ed9ng","With SDGs"],"inLanguage":"vi"},{"@type":"WebPage","@id":"https:\/\/intlweloveu.org\/vi\/donation-for-the-relief-work-for-the-daegu-subway-tragedy\/","url":"https:\/\/intlweloveu.org\/vi\/donation-for-the-relief-work-for-the-daegu-subway-tragedy\/","name":"Trao t\u1eb7ng ti\u1ec1n quy\u00ean g\u00f3p cho th\u1ea3m h\u1ecda t\u00e0u \u0111i\u1ec7n ng\u1ea7m Daegu - Qu\u1ef9 WeLoveU Qu\u1ed1c t\u1ebf","isPartOf":{"@id":"https:\/\/intlweloveu.org\/#website"},"primaryImageOfPage":{"@id":"https:\/\/intlweloveu.org\/vi\/donation-for-the-relief-work-for-the-daegu-subway-tragedy\/#primaryimage"},"image":{"@id":"https:\/\/intlweloveu.org\/vi\/donation-for-the-relief-work-for-the-daegu-subway-tragedy\/#primaryimage"},"thumbnailUrl":"https:\/\/intlweloveu.org\/wp-content\/uploads\/2025\/10\/image_daegu_subway.jpg","datePublished":"2003-02-08T06:39:00+00:00","dateModified":"2026-04-29T04:50:36+00:00","author":{"@id":"https:\/\/intlweloveu.org\/#\/schema\/person\/af9821c1453edeccd996f59fcfe63b45"},"breadcrumb":{"@id":"https:\/\/intlweloveu.org\/vi\/donation-for-the-relief-work-for-the-daegu-subway-tragedy\/#breadcrumb"},"inLanguage":"vi","potentialAction":[{"@type":"ReadAction","target":["https:\/\/intlweloveu.org\/vi\/donation-for-the-relief-work-for-the-daegu-subway-tragedy\/"]}]},{"@type":"ImageObject","inLanguage":"vi","@id":"https:\/\/intlweloveu.org\/vi\/donation-for-the-relief-work-for-the-daegu-subway-tragedy\/#primaryimage","url":"https:\/\/intlweloveu.org\/wp-content\/uploads\/2025\/10\/image_daegu_subway.jpg","contentUrl":"https:\/\/intlweloveu.org\/wp-content\/uploads\/2025\/10\/image_daegu_subway.jpg","width":425,"height":257},{"@type":"BreadcrumbList","@id":"https:\/\/intlweloveu.org\/vi\/donation-for-the-relief-work-for-the-daegu-subway-tragedy\/#breadcrumb","itemListElement":[{"@type":"ListItem","position":1,"name":"\ud648","item":"https:\/\/intlweloveu.org\/vi\/"},{"@type":"ListItem","position":2,"name":"Trao t\u1eb7ng ti\u1ec1n quy\u00ean g\u00f3p cho th\u1ea3m h\u1ecda t\u00e0u \u0111i\u1ec7n ng\u1ea7m Daegu"}]},{"@type":"WebSite","@id":"https:\/\/intlweloveu.org\/#website","url":"https:\/\/intlweloveu.org\/","name":"The Intl. WeLoveU Foundation","description":"T\u00ecnh y\u00eau th\u01b0\u01a1ng c\u1ee7a m\u1eb9 \u0111\u01b0\u1ee3c truy\u1ec1n kh\u1eafp th\u1ebf gian","alternateName":"\uad6d\uc81c\uc704\ub7ec\ube0c\uc720\uc6b4\ub3d9\ubcf8\ubd80","potentialAction":[{"@type":"SearchAction","target":{"@type":"EntryPoint","urlTemplate":"https:\/\/intlweloveu.org\/?s={search_term_string}"},"query-input":{"@type":"PropertyValueSpecification","valueRequired":true,"valueName":"search_term_string"}}],"inLanguage":"vi"},{"@type":"Person","@id":"https:\/\/intlweloveu.org\/#\/schema\/person\/af9821c1453edeccd996f59fcfe63b45","name":"j hj"}]}},"_links":{"self":[{"href":"https:\/\/intlweloveu.org\/vi\/wp-json\/wp\/v2\/posts\/242695","targetHints":{"allow":["GET"]}}],"collection":[{"href":"https:\/\/intlweloveu.org\/vi\/wp-json\/wp\/v2\/posts"}],"about":[{"href":"https:\/\/intlweloveu.org\/vi\/wp-json\/wp\/v2\/types\/post"}],"author":[{"embeddable":true,"href":"https:\/\/intlweloveu.org\/vi\/wp-json\/wp\/v2\/users\/2"}],"replies":[{"embeddable":true,"href":"https:\/\/intlweloveu.org\/vi\/wp-json\/wp\/v2\/comments?post=242695"}],"version-history":[{"count":1,"href":"https:\/\/intlweloveu.org\/vi\/wp-json\/wp\/v2\/posts\/242695\/revisions"}],"predecessor-version":[{"id":242696,"href":"https:\/\/intlweloveu.org\/vi\/wp-json\/wp\/v2\/posts\/242695\/revisions\/242696"}],"wp:featuredmedia":[{"embeddable":true,"href":"https:\/\/intlweloveu.org\/vi\/wp-json\/wp\/v2\/media\/216620"}],"wp:attachment":[{"href":"https:\/\/intlweloveu.org\/vi\/wp-json\/wp\/v2\/media?parent=242695"}],"wp:term":[{"taxonomy":"category","embeddable":true,"href":"https:\/\/intlweloveu.org\/vi\/wp-json\/wp\/v2\/categories?post=242695"},{"taxonomy":"post_tag","embeddable":true,"href":"https:\/\/intlweloveu.org\/vi\/wp-json\/wp\/v2\/tags?post=242695"}],"curies":[{"name":"wp","href":"https:\/\/api.w.org\/{rel}","templated":true}]}}