{"id":242683,"date":"2003-05-05T08:00:00","date_gmt":"2003-05-05T08:00:00","guid":{"rendered":"https:\/\/intlweloveu.org\/visiting-facilities-for-children-with-mental-retardation\/"},"modified":"2026-04-29T03:29:05","modified_gmt":"2026-04-29T03:29:05","slug":"visiting-facilities-for-children-with-mental-retardation","status":"publish","type":"post","link":"https:\/\/intlweloveu.org\/vi\/visiting-facilities-for-children-with-mental-retardation\/","title":{"rendered":"Chuy\u1ebfn th\u0103m c\u01a1 s\u1edf ph\u00fac l\u1ee3i tr\u1ebb em khuy\u1ebft t\u1eadt"},"content":{"rendered":"<figure class=\"wp-block-image size-full\"><img loading=\"lazy\" decoding=\"async\" width=\"1920\" height=\"1280\" src=\"https:\/\/intlweloveu.org\/wp-content\/uploads\/2003\/05\/thum_030505_visiting_facilities1.jpg\" alt=\"\" class=\"wp-image-18816\" srcset=\"https:\/\/intlweloveu.org\/wp-content\/uploads\/2003\/05\/thum_030505_visiting_facilities1.jpg 1920w, https:\/\/intlweloveu.org\/wp-content\/uploads\/2003\/05\/thum_030505_visiting_facilities1-768x512.jpg 768w, https:\/\/intlweloveu.org\/wp-content\/uploads\/2003\/05\/thum_030505_visiting_facilities1-1536x1024.jpg 1536w, https:\/\/intlweloveu.org\/wp-content\/uploads\/2003\/05\/thum_030505_visiting_facilities1-750x500.jpg 750w\" sizes=\"auto, (max-width: 1920px) 100vw, 1920px\" \/><\/figure>\n<h2 class=\"wp-block-heading\"><strong><strong>Chuy\u1ebfn th\u0103m m\u1ed9t c\u01a1 s\u1edf t\u1ea1i ph\u01b0\u1eddng Macheon, trao t\u1eb7ng nhu y\u1ebfu ph\u1ea9m c\u00f9ng qu\u1ef9 h\u1ed7 tr\u1ee3<\/strong><\/strong><\/h2>\n<p>V\u00e0o ng\u00e0y 30 th\u00e1ng 4 v\u00e0 5 th\u00e1ng 5 n\u0103m 2003, T\u1ed5 ch\u1ee9c \u0111\u00e3 t\u1ed5 ch\u1ee9c chuy\u1ebfn th\u0103m \u0111\u1ebfn c\u01a1 s\u1edf ph\u00fac l\u1ee3i tr\u1ebb em khuy\u1ebft t\u1eadt \u1edf ph\u01b0\u1eddng Macheon, Seoul.<\/p>\n<p>Ch\u1ee7 t\u1ecbch v\u00e0 c\u00e1c h\u1ed9i vi\u00ean c\u1ee7a T\u1ed5 ch\u1ee9c Ph\u00fac l\u1ee3i \u0111\u00e3 c\u00f9ng nhau \u0111\u1ebfn th\u0103m, ch\u0103m s\u00f3c tr\u1ebb em khi\u1ebfm khuy\u1ebft, an \u1ee7i v\u00e0 trao t\u1eb7ng nhu y\u1ebfu ph\u1ea9m \u0111\u00e3 chu\u1ea9n b\u1ecb, v\u00e0 \u0111\u1ed3ng th\u1eddi trao qu\u1ef9 h\u1ed7 tr\u1ee3 cho c\u00e1c em.<\/p>\n<figure class=\"wp-block-image size-full\"><img loading=\"lazy\" decoding=\"async\" width=\"1170\" height=\"550\" src=\"https:\/\/intlweloveu.org\/wp-content\/uploads\/2003\/05\/thum_030505_visiting_facilities2.jpg\" alt=\"\" class=\"wp-image-18817\" srcset=\"https:\/\/intlweloveu.org\/wp-content\/uploads\/2003\/05\/thum_030505_visiting_facilities2.jpg 1170w, https:\/\/intlweloveu.org\/wp-content\/uploads\/2003\/05\/thum_030505_visiting_facilities2-768x361.jpg 768w, https:\/\/intlweloveu.org\/wp-content\/uploads\/2003\/05\/thum_030505_visiting_facilities2-860x404.jpg 860w\" sizes=\"auto, (max-width: 1170px) 100vw, 1170px\" \/><\/figure>\n","protected":false},"excerpt":{"rendered":"Chuy\u1ebfn th\u0103m m\u1ed9t c\u01a1 s\u1edf t\u1ea1i ph\u01b0\u1eddng Macheon, trao t\u1eb7ng nhu y\u1ebfu ph\u1ea9m c\u00f9ng qu\u1ef9 h\u1ed7 tr\u1ee3 V\u00e0o ng\u00e0y 30 th\u00e1ng 4 v\u00e0 5 th\u00e1ng 5 n\u0103m 2003, T\u1ed5 ch\u1ee9c \u0111\u00e3 t\u1ed5 ch\u1ee9c chuy\u1ebfn th\u0103m \u0111\u1ebfn c\u01a1 s\u1edf ph\u00fac l\u1ee3i tr\u1ebb em khuy\u1ebft t\u1eadt \u1edf ph\u01b0\u1eddng Macheon, Seoul. Ch\u1ee7 t\u1ecbch v\u00e0 c\u00e1c h\u1ed9i vi\u00ean c\u1ee7a&#8230;","protected":false},"author":2,"featured_media":24539,"comment_status":"closed","ping_status":"closed","sticky":false,"template":"","format":"standard","meta":{"footnotes":""},"categories":[126,98,64,61],"tags":[],"class_list":["post-242683","post","type-post","status-publish","format-standard","has-post-thumbnail","hentry","category-community-well-being","category-sdgs-good-health-well-being","category-news","category-sdgs"],"yoast_head":"<!-- This site is optimized with the Yoast SEO plugin v26.8 - https:\/\/yoast.com\/product\/yoast-seo-wordpress\/ -->\n<title>Chuy\u1ebfn th\u0103m c\u01a1 s\u1edf ph\u00fac l\u1ee3i tr\u1ebb em khuy\u1ebft t\u1eadt - Qu\u1ef9 WeLoveU Qu\u1ed1c t\u1ebf<\/title>\n<meta name=\"robots\" content=\"index, follow, max-snippet:-1, max-image-preview:large, max-video-preview:-1\" \/>\n<link rel=\"canonical\" href=\"https:\/\/intlweloveu.org\/vi\/visiting-facilities-for-children-with-mental-retardation\/\" \/>\n<meta property=\"og:locale\" content=\"vi_VN\" \/>\n<meta property=\"og:type\" content=\"article\" \/>\n<meta property=\"og:title\" content=\"Chuy\u1ebfn th\u0103m c\u01a1 s\u1edf ph\u00fac l\u1ee3i tr\u1ebb em khuy\u1ebft t\u1eadt - Qu\u1ef9 WeLoveU Qu\u1ed1c t\u1ebf\" \/>\n<meta property=\"og:description\" content=\"Chuy\u1ebfn th\u0103m m\u1ed9t c\u01a1 s\u1edf t\u1ea1i ph\u01b0\u1eddng Macheon, trao t\u1eb7ng nhu y\u1ebfu ph\u1ea9m c\u00f9ng qu\u1ef9 h\u1ed7 tr\u1ee3 V\u00e0o ng\u00e0y 30 th\u00e1ng 4 v\u00e0 5 th\u00e1ng 5 n\u0103m 2003, T\u1ed5 ch\u1ee9c \u0111\u00e3 t\u1ed5 ch\u1ee9c chuy\u1ebfn th\u0103m \u0111\u1ebfn c\u01a1 s\u1edf ph\u00fac l\u1ee3i tr\u1ebb em khuy\u1ebft t\u1eadt \u1edf ph\u01b0\u1eddng Macheon, Seoul. Ch\u1ee7 t\u1ecbch v\u00e0 c\u00e1c h\u1ed9i vi\u00ean c\u1ee7a...\" \/>\n<meta property=\"og:url\" content=\"https:\/\/intlweloveu.org\/vi\/visiting-facilities-for-children-with-mental-retardation\/\" \/>\n<meta property=\"og:site_name\" content=\"Qu\u1ef9 WeLoveU Qu\u1ed1c t\u1ebf\" \/>\n<meta property=\"article:published_time\" content=\"2003-05-05T08:00:00+00:00\" \/>\n<meta property=\"article:modified_time\" content=\"2026-04-29T03:29:05+00:00\" \/>\n<meta property=\"og:image\" content=\"https:\/\/intlweloveu.org\/wp-content\/uploads\/2003\/05\/thum_030505_visiting_facilities1.jpg\" \/>\n\t<meta property=\"og:image:width\" content=\"1920\" \/>\n\t<meta property=\"og:image:height\" content=\"1280\" \/>\n\t<meta property=\"og:image:type\" content=\"image\/jpeg\" \/>\n<meta name=\"author\" content=\"j hj\" \/>\n<meta name=\"twitter:card\" content=\"summary_large_image\" \/>\n<meta name=\"twitter:label1\" content=\"\u0110\u01b0\u1ee3c vi\u1ebft b\u1edfi\" \/>\n\t<meta name=\"twitter:data1\" content=\"j hj\" \/>\n\t<meta name=\"twitter:label2\" content=\"\u01af\u1edbc t\u00ednh th\u1eddi gian \u0111\u1ecdc\" \/>\n\t<meta name=\"twitter:data2\" content=\"2 ph\u00fat\" \/>\n<script type=\"application\/ld+json\" class=\"yoast-schema-graph\">{\"@context\":\"https:\/\/schema.org\",\"@graph\":[{\"@type\":\"Article\",\"@id\":\"https:\/\/intlweloveu.org\/vi\/visiting-facilities-for-children-with-mental-retardation\/#article\",\"isPartOf\":{\"@id\":\"https:\/\/intlweloveu.org\/vi\/visiting-facilities-for-children-with-mental-retardation\/\"},\"author\":{\"name\":\"j hj\",\"@id\":\"https:\/\/intlweloveu.org\/#\/schema\/person\/af9821c1453edeccd996f59fcfe63b45\"},\"headline\":\"Chuy\u1ebfn th\u0103m c\u01a1 s\u1edf ph\u00fac l\u1ee3i tr\u1ebb em khuy\u1ebft t\u1eadt\",\"datePublished\":\"2003-05-05T08:00:00+00:00\",\"dateModified\":\"2026-04-29T03:29:05+00:00\",\"mainEntityOfPage\":{\"@id\":\"https:\/\/intlweloveu.org\/vi\/visiting-facilities-for-children-with-mental-retardation\/\"},\"wordCount\":141,\"image\":{\"@id\":\"https:\/\/intlweloveu.org\/vi\/visiting-facilities-for-children-with-mental-retardation\/#primaryimage\"},\"thumbnailUrl\":\"https:\/\/intlweloveu.org\/wp-content\/uploads\/2003\/05\/thum_030505_visiting_facilities1.jpg\",\"articleSection\":[\"Ph\u00fac l\u1ee3i x\u00e3 h\u1ed9i \u0111\u1ecba ph\u01b0\u01a1ng\",\"S\u1ee9c kh\u1ecfe v\u00e0 c\u00f3 cu\u1ed9c s\u1ed1ng t\u1ed1t\",\"Tin t\u1ee9c ho\u1ea1t \u0111\u1ed9ng\",\"With SDGs\"],\"inLanguage\":\"vi\"},{\"@type\":\"WebPage\",\"@id\":\"https:\/\/intlweloveu.org\/vi\/visiting-facilities-for-children-with-mental-retardation\/\",\"url\":\"https:\/\/intlweloveu.org\/vi\/visiting-facilities-for-children-with-mental-retardation\/\",\"name\":\"Chuy\u1ebfn th\u0103m c\u01a1 s\u1edf ph\u00fac l\u1ee3i tr\u1ebb em khuy\u1ebft t\u1eadt - Qu\u1ef9 WeLoveU Qu\u1ed1c t\u1ebf\",\"isPartOf\":{\"@id\":\"https:\/\/intlweloveu.org\/#website\"},\"primaryImageOfPage\":{\"@id\":\"https:\/\/intlweloveu.org\/vi\/visiting-facilities-for-children-with-mental-retardation\/#primaryimage\"},\"image\":{\"@id\":\"https:\/\/intlweloveu.org\/vi\/visiting-facilities-for-children-with-mental-retardation\/#primaryimage\"},\"thumbnailUrl\":\"https:\/\/intlweloveu.org\/wp-content\/uploads\/2003\/05\/thum_030505_visiting_facilities1.jpg\",\"datePublished\":\"2003-05-05T08:00:00+00:00\",\"dateModified\":\"2026-04-29T03:29:05+00:00\",\"author\":{\"@id\":\"https:\/\/intlweloveu.org\/#\/schema\/person\/af9821c1453edeccd996f59fcfe63b45\"},\"breadcrumb\":{\"@id\":\"https:\/\/intlweloveu.org\/vi\/visiting-facilities-for-children-with-mental-retardation\/#breadcrumb\"},\"inLanguage\":\"vi\",\"potentialAction\":[{\"@type\":\"ReadAction\",\"target\":[\"https:\/\/intlweloveu.org\/vi\/visiting-facilities-for-children-with-mental-retardation\/\"]}]},{\"@type\":\"ImageObject\",\"inLanguage\":\"vi\",\"@id\":\"https:\/\/intlweloveu.org\/vi\/visiting-facilities-for-children-with-mental-retardation\/#primaryimage\",\"url\":\"https:\/\/intlweloveu.org\/wp-content\/uploads\/2003\/05\/thum_030505_visiting_facilities1.jpg\",\"contentUrl\":\"https:\/\/intlweloveu.org\/wp-content\/uploads\/2003\/05\/thum_030505_visiting_facilities1.jpg\",\"width\":1920,\"height\":1280},{\"@type\":\"BreadcrumbList\",\"@id\":\"https:\/\/intlweloveu.org\/vi\/visiting-facilities-for-children-with-mental-retardation\/#breadcrumb\",\"itemListElement\":[{\"@type\":\"ListItem\",\"position\":1,\"name\":\"\ud648\",\"item\":\"https:\/\/intlweloveu.org\/vi\/\"},{\"@type\":\"ListItem\",\"position\":2,\"name\":\"Chuy\u1ebfn th\u0103m c\u01a1 s\u1edf ph\u00fac l\u1ee3i tr\u1ebb em khuy\u1ebft t\u1eadt\"}]},{\"@type\":\"WebSite\",\"@id\":\"https:\/\/intlweloveu.org\/#website\",\"url\":\"https:\/\/intlweloveu.org\/\",\"name\":\"The Intl. WeLoveU Foundation\",\"description\":\"T\u00ecnh y\u00eau th\u01b0\u01a1ng c\u1ee7a m\u1eb9 \u0111\u01b0\u1ee3c truy\u1ec1n kh\u1eafp th\u1ebf gian\",\"alternateName\":\"\uad6d\uc81c\uc704\ub7ec\ube0c\uc720\uc6b4\ub3d9\ubcf8\ubd80\",\"potentialAction\":[{\"@type\":\"SearchAction\",\"target\":{\"@type\":\"EntryPoint\",\"urlTemplate\":\"https:\/\/intlweloveu.org\/?s={search_term_string}\"},\"query-input\":{\"@type\":\"PropertyValueSpecification\",\"valueRequired\":true,\"valueName\":\"search_term_string\"}}],\"inLanguage\":\"vi\"},{\"@type\":\"Person\",\"@id\":\"https:\/\/intlweloveu.org\/#\/schema\/person\/af9821c1453edeccd996f59fcfe63b45\",\"name\":\"j hj\"}]}<\/script>\n<!-- \/ Yoast SEO plugin. -->","yoast_head_json":{"title":"Chuy\u1ebfn th\u0103m c\u01a1 s\u1edf ph\u00fac l\u1ee3i tr\u1ebb em khuy\u1ebft t\u1eadt - Qu\u1ef9 WeLoveU Qu\u1ed1c t\u1ebf","robots":{"index":"index","follow":"follow","max-snippet":"max-snippet:-1","max-image-preview":"max-image-preview:large","max-video-preview":"max-video-preview:-1"},"canonical":"https:\/\/intlweloveu.org\/vi\/visiting-facilities-for-children-with-mental-retardation\/","og_locale":"vi_VN","og_type":"article","og_title":"Chuy\u1ebfn th\u0103m c\u01a1 s\u1edf ph\u00fac l\u1ee3i tr\u1ebb em khuy\u1ebft t\u1eadt - Qu\u1ef9 WeLoveU Qu\u1ed1c t\u1ebf","og_description":"Chuy\u1ebfn th\u0103m m\u1ed9t c\u01a1 s\u1edf t\u1ea1i ph\u01b0\u1eddng Macheon, trao t\u1eb7ng nhu y\u1ebfu ph\u1ea9m c\u00f9ng qu\u1ef9 h\u1ed7 tr\u1ee3 V\u00e0o ng\u00e0y 30 th\u00e1ng 4 v\u00e0 5 th\u00e1ng 5 n\u0103m 2003, T\u1ed5 ch\u1ee9c \u0111\u00e3 t\u1ed5 ch\u1ee9c chuy\u1ebfn th\u0103m \u0111\u1ebfn c\u01a1 s\u1edf ph\u00fac l\u1ee3i tr\u1ebb em khuy\u1ebft t\u1eadt \u1edf ph\u01b0\u1eddng Macheon, Seoul. Ch\u1ee7 t\u1ecbch v\u00e0 c\u00e1c h\u1ed9i vi\u00ean c\u1ee7a...","og_url":"https:\/\/intlweloveu.org\/vi\/visiting-facilities-for-children-with-mental-retardation\/","og_site_name":"Qu\u1ef9 WeLoveU Qu\u1ed1c t\u1ebf","article_published_time":"2003-05-05T08:00:00+00:00","article_modified_time":"2026-04-29T03:29:05+00:00","og_image":[{"width":1920,"height":1280,"url":"https:\/\/intlweloveu.org\/wp-content\/uploads\/2003\/05\/thum_030505_visiting_facilities1.jpg","type":"image\/jpeg"}],"author":"j hj","twitter_card":"summary_large_image","twitter_misc":{"\u0110\u01b0\u1ee3c vi\u1ebft b\u1edfi":"j hj","\u01af\u1edbc t\u00ednh th\u1eddi gian \u0111\u1ecdc":"2 ph\u00fat"},"schema":{"@context":"https:\/\/schema.org","@graph":[{"@type":"Article","@id":"https:\/\/intlweloveu.org\/vi\/visiting-facilities-for-children-with-mental-retardation\/#article","isPartOf":{"@id":"https:\/\/intlweloveu.org\/vi\/visiting-facilities-for-children-with-mental-retardation\/"},"author":{"name":"j hj","@id":"https:\/\/intlweloveu.org\/#\/schema\/person\/af9821c1453edeccd996f59fcfe63b45"},"headline":"Chuy\u1ebfn th\u0103m c\u01a1 s\u1edf ph\u00fac l\u1ee3i tr\u1ebb em khuy\u1ebft t\u1eadt","datePublished":"2003-05-05T08:00:00+00:00","dateModified":"2026-04-29T03:29:05+00:00","mainEntityOfPage":{"@id":"https:\/\/intlweloveu.org\/vi\/visiting-facilities-for-children-with-mental-retardation\/"},"wordCount":141,"image":{"@id":"https:\/\/intlweloveu.org\/vi\/visiting-facilities-for-children-with-mental-retardation\/#primaryimage"},"thumbnailUrl":"https:\/\/intlweloveu.org\/wp-content\/uploads\/2003\/05\/thum_030505_visiting_facilities1.jpg","articleSection":["Ph\u00fac l\u1ee3i x\u00e3 h\u1ed9i \u0111\u1ecba ph\u01b0\u01a1ng","S\u1ee9c kh\u1ecfe v\u00e0 c\u00f3 cu\u1ed9c s\u1ed1ng t\u1ed1t","Tin t\u1ee9c ho\u1ea1t \u0111\u1ed9ng","With SDGs"],"inLanguage":"vi"},{"@type":"WebPage","@id":"https:\/\/intlweloveu.org\/vi\/visiting-facilities-for-children-with-mental-retardation\/","url":"https:\/\/intlweloveu.org\/vi\/visiting-facilities-for-children-with-mental-retardation\/","name":"Chuy\u1ebfn th\u0103m c\u01a1 s\u1edf ph\u00fac l\u1ee3i tr\u1ebb em khuy\u1ebft t\u1eadt - Qu\u1ef9 WeLoveU Qu\u1ed1c t\u1ebf","isPartOf":{"@id":"https:\/\/intlweloveu.org\/#website"},"primaryImageOfPage":{"@id":"https:\/\/intlweloveu.org\/vi\/visiting-facilities-for-children-with-mental-retardation\/#primaryimage"},"image":{"@id":"https:\/\/intlweloveu.org\/vi\/visiting-facilities-for-children-with-mental-retardation\/#primaryimage"},"thumbnailUrl":"https:\/\/intlweloveu.org\/wp-content\/uploads\/2003\/05\/thum_030505_visiting_facilities1.jpg","datePublished":"2003-05-05T08:00:00+00:00","dateModified":"2026-04-29T03:29:05+00:00","author":{"@id":"https:\/\/intlweloveu.org\/#\/schema\/person\/af9821c1453edeccd996f59fcfe63b45"},"breadcrumb":{"@id":"https:\/\/intlweloveu.org\/vi\/visiting-facilities-for-children-with-mental-retardation\/#breadcrumb"},"inLanguage":"vi","potentialAction":[{"@type":"ReadAction","target":["https:\/\/intlweloveu.org\/vi\/visiting-facilities-for-children-with-mental-retardation\/"]}]},{"@type":"ImageObject","inLanguage":"vi","@id":"https:\/\/intlweloveu.org\/vi\/visiting-facilities-for-children-with-mental-retardation\/#primaryimage","url":"https:\/\/intlweloveu.org\/wp-content\/uploads\/2003\/05\/thum_030505_visiting_facilities1.jpg","contentUrl":"https:\/\/intlweloveu.org\/wp-content\/uploads\/2003\/05\/thum_030505_visiting_facilities1.jpg","width":1920,"height":1280},{"@type":"BreadcrumbList","@id":"https:\/\/intlweloveu.org\/vi\/visiting-facilities-for-children-with-mental-retardation\/#breadcrumb","itemListElement":[{"@type":"ListItem","position":1,"name":"\ud648","item":"https:\/\/intlweloveu.org\/vi\/"},{"@type":"ListItem","position":2,"name":"Chuy\u1ebfn th\u0103m c\u01a1 s\u1edf ph\u00fac l\u1ee3i tr\u1ebb em khuy\u1ebft t\u1eadt"}]},{"@type":"WebSite","@id":"https:\/\/intlweloveu.org\/#website","url":"https:\/\/intlweloveu.org\/","name":"The Intl. WeLoveU Foundation","description":"T\u00ecnh y\u00eau th\u01b0\u01a1ng c\u1ee7a m\u1eb9 \u0111\u01b0\u1ee3c truy\u1ec1n kh\u1eafp th\u1ebf gian","alternateName":"\uad6d\uc81c\uc704\ub7ec\ube0c\uc720\uc6b4\ub3d9\ubcf8\ubd80","potentialAction":[{"@type":"SearchAction","target":{"@type":"EntryPoint","urlTemplate":"https:\/\/intlweloveu.org\/?s={search_term_string}"},"query-input":{"@type":"PropertyValueSpecification","valueRequired":true,"valueName":"search_term_string"}}],"inLanguage":"vi"},{"@type":"Person","@id":"https:\/\/intlweloveu.org\/#\/schema\/person\/af9821c1453edeccd996f59fcfe63b45","name":"j hj"}]}},"_links":{"self":[{"href":"https:\/\/intlweloveu.org\/vi\/wp-json\/wp\/v2\/posts\/242683","targetHints":{"allow":["GET"]}}],"collection":[{"href":"https:\/\/intlweloveu.org\/vi\/wp-json\/wp\/v2\/posts"}],"about":[{"href":"https:\/\/intlweloveu.org\/vi\/wp-json\/wp\/v2\/types\/post"}],"author":[{"embeddable":true,"href":"https:\/\/intlweloveu.org\/vi\/wp-json\/wp\/v2\/users\/2"}],"replies":[{"embeddable":true,"href":"https:\/\/intlweloveu.org\/vi\/wp-json\/wp\/v2\/comments?post=242683"}],"version-history":[{"count":1,"href":"https:\/\/intlweloveu.org\/vi\/wp-json\/wp\/v2\/posts\/242683\/revisions"}],"predecessor-version":[{"id":242684,"href":"https:\/\/intlweloveu.org\/vi\/wp-json\/wp\/v2\/posts\/242683\/revisions\/242684"}],"wp:featuredmedia":[{"embeddable":true,"href":"https:\/\/intlweloveu.org\/vi\/wp-json\/wp\/v2\/media\/24539"}],"wp:attachment":[{"href":"https:\/\/intlweloveu.org\/vi\/wp-json\/wp\/v2\/media?parent=242683"}],"wp:term":[{"taxonomy":"category","embeddable":true,"href":"https:\/\/intlweloveu.org\/vi\/wp-json\/wp\/v2\/categories?post=242683"},{"taxonomy":"post_tag","embeddable":true,"href":"https:\/\/intlweloveu.org\/vi\/wp-json\/wp\/v2\/tags?post=242683"}],"curies":[{"name":"wp","href":"https:\/\/api.w.org\/{rel}","templated":true}]}}