{"id":31206,"date":"2005-12-22T07:00:00","date_gmt":"2005-12-22T07:00:00","guid":{"rendered":"https:\/\/intlweloveu.org\/the-6th-new-life-concert\/"},"modified":"2026-01-23T02:58:34","modified_gmt":"2026-01-23T02:58:34","slug":"the-6th-new-life-concert","status":"publish","type":"post","link":"https:\/\/intlweloveu.org\/es\/the-6th-new-life-concert\/","title":{"rendered":"6.\u00ba Concierto Nueva Vida"},"content":{"rendered":"<p>El 22 de diciembre de 2005, a las 7 p. m., cuando ca\u00edan grandes copos de nieve, se llev\u00f3 a cabo el 6.\u00ba Concierto Nueva Vida en el Sal\u00f3n Jeongshimhwa del Centro Cultural Internacional Jeongshimhwa de la Universidad de Chungnam, ubicada en la ciudad de Daejeon. El sal\u00f3n se llen\u00f3 con m\u00e1s de dos mil miembros de la fundaci\u00f3n. Organizaciones afines patrocinaron el concierto: el Gobierno de la Provincia de Chungcheong del Sur, la Ciudad Metropolitana de Daejeon, la Agencia Policial de la Provincia de Chungcheong del Sur, la Universidad de Chungnam, la Universidad de Informaci\u00f3n y Comunicaciones, la Corporaci\u00f3n de Radiodifusi\u00f3n Daegeon Munwha (MBC), la Radiodifusora de Daejeon (TJB), Daejeon Ilbo, \u201cSalven a los Ni\u00f1os de Corea\u201d, la Asociaci\u00f3n Coreana de Prevenci\u00f3n del Maltrato y Abandono Infantil (ACPMAI). Personalidades eminentes de distintos \u00e1mbitos asistieron al concierto pese a sus ocupados horarios: Lee Sun-jae, Patrocinador Principal de la Fundaci\u00f3n de Bienestar Nueva Vida, Gu Non-hoi, congresista del Partido Uri, Yi Bae-keun, director del Instituto de Orientaci\u00f3n de J\u00f3venes de la Rep\u00fablica de Corea, Park Seong-hyo, teniente de alcalde de Asuntos Pol\u00edticos de la Ciudad Metropolitana de Daejeon, y Yang Hyeon-su, presidente de la Universidad Nacional de Chungnam.<\/p>\n<p>La Presidenta Zahng Gil-jah agradeci\u00f3 a los invitados y a los miembros por venir a \u201ccompartir amor y dar esperanza y valor a nuestro pr\u00f3jimo solitario\u201d, a pesar del intenso fr\u00edo. Ella anim\u00f3 a los miembros, diciendo: \u201cAunque nuestro peque\u00f1o esfuerzo y labor no pueden curar todos los dolores y sufrimientos del mundo, si unimos nuestra peque\u00f1a preocupaci\u00f3n y amor, proporcionar\u00e1 a nuestro pr\u00f3jimo gran consuelo, as\u00ed como se re\u00fanen peque\u00f1os arroyos y forman un oc\u00e9ano profundo y amplio. Creo que el evento de hoy, aunque peque\u00f1o, har\u00e1 el mundo m\u00e1s hermoso\u201d.<\/p>\n<figure class=\"wp-block-image size-full\"><img loading=\"lazy\" decoding=\"async\" width=\"1170\" height=\"550\" src=\"https:\/\/intlweloveu.org\/wp-content\/uploads\/2025\/10\/thum_the_6th_new_life_concert_01.jpg\" alt=\"\" class=\"wp-image-29420\" srcset=\"https:\/\/intlweloveu.org\/wp-content\/uploads\/2025\/10\/thum_the_6th_new_life_concert_01.jpg 1170w, https:\/\/intlweloveu.org\/wp-content\/uploads\/2025\/10\/thum_the_6th_new_life_concert_01-768x361.jpg 768w, https:\/\/intlweloveu.org\/wp-content\/uploads\/2025\/10\/thum_the_6th_new_life_concert_01-860x404.jpg 860w\" sizes=\"auto, (max-width: 1170px) 100vw, 1170px\" \/><\/figure>\n<p>El Patrocinador Principal de la Fundaci\u00f3n de Bienestar Nueva Vida, Lee Soon-jae, que es suficientemente amable y generoso para recibir el amor y el respeto de las personas, ha apoyado voluntariamente los eventos realizados por la fundaci\u00f3n para ayudar al pr\u00f3jimo. \u00c9l agradeci\u00f3 el esfuerzo de los miembros: \u201cSus sinceras y dedicadas actividades voluntarias consolaron a nuestro pr\u00f3jimo en desesperaci\u00f3n y les dieron esperanza de vivir. Me gustar\u00eda que el pr\u00f3ximo a\u00f1o tambi\u00e9n transmitan m\u00e1s valor a nuestro pr\u00f3jimo a trav\u00e9s de sus muchas buenas obras\u201d.<\/p>\n<p>Los invitados tambi\u00e9n felicitaron y apreciaron la destacada contribuci\u00f3n de los miembros de la fundaci\u00f3n a la sociedad mediante sus diversas actividades de bienestar, desde ayudar al pr\u00f3jimo desafortunado hasta las labores de socorro en caso de cat\u00e1strofes nacionales. Park Seong-hyo, teniente de alcalde para Asuntos Pol\u00edticos de la Ciudad Metropolitana de Daejeon, manifest\u00f3: \u201cEstoy muy impresionado con los miembros cuyos rostros son como flores. Debido a las m\u00faltiples ocupaciones del alcalde, tuve la suerte de venir aqu\u00ed en su lugar. Tambi\u00e9n me impresion\u00f3 mucho ver a los miembros sentados en perfecto orden a pesar de la lluvia y aplaudiendo con alegr\u00eda un\u00e1nimemente\u201d. Adem\u00e1s agradeci\u00f3 en repetidas ocasiones en nombre de los ciudadanos de Daejeon, diciendo: \u201cEl amor no se expresa con palabras sino con actos verdaderos. Las personas que asistieron a este concierto son los que practican el amor\u201d.<\/p>\n<p>Yang Hyeon-su, Presidente de la Universidad Nacional de Chungnam, y Gu Non-hoi, congresista del Partido Uri, agradecieron los esfuerzos de los miembros, declarando: \u201cSe inform\u00f3 que los coreanos dedicamos en promedio solo un minuto al a\u00f1o al servicio voluntario. Sin embargo, los miembros de la Fundaci\u00f3n de Bienestar Nueva Vida ayudan a los dem\u00e1s durante todo el a\u00f1o con diversas actividades. Realmente les agradecemos por realizar las inmanejables funciones del gobierno\u201d. Shim Dae-pyeong, gobernador de la provincia de Chungnam, y otras personalidades de diferentes sectores sociales, que no pudieron asistir al concierto debido a circunstancias inevitables, transmitieron su agradecimiento a trav\u00e9s de mensajes de felicitaci\u00f3n, deseando el \u00e9xito del concierto.<\/p>\n<figure class=\"wp-block-image size-full\"><img loading=\"lazy\" decoding=\"async\" width=\"1170\" height=\"550\" src=\"https:\/\/intlweloveu.org\/wp-content\/uploads\/2025\/10\/thum_the_6th_new_life_concert_02.jpg\" alt=\"\" class=\"wp-image-29421\" srcset=\"https:\/\/intlweloveu.org\/wp-content\/uploads\/2025\/10\/thum_the_6th_new_life_concert_02.jpg 1170w, https:\/\/intlweloveu.org\/wp-content\/uploads\/2025\/10\/thum_the_6th_new_life_concert_02-768x361.jpg 768w, https:\/\/intlweloveu.org\/wp-content\/uploads\/2025\/10\/thum_the_6th_new_life_concert_02-860x404.jpg 860w\" sizes=\"auto, (max-width: 1170px) 100vw, 1170px\" \/><\/figure>\n<p>En la ceremonia de entrega de donaciones, un total de trece ni\u00f1os con enfermedades card\u00edacas y hogares sin padres recibieron donaciones y sinceros regalos; los propios miembros de la fundaci\u00f3n escogieron y envolvieron los obsequios, deseando que su pr\u00f3jimo pasara el crudo invierno saludablemente. Adem\u00e1s, prometieron a los beneficiarios su constante inter\u00e9s y apoyo, y no una ayuda material moment\u00e1nea. Los beneficiarios sonrieron alegremente cuando la presidenta misma les entreg\u00f3 las donaciones y los regalos.<\/p>\n<p>Despu\u00e9s de la entrega de donaciones, los participantes vieron un v\u00eddeo de las \u00faltimas actividades de la Fundaci\u00f3n de Bienestar Nueva Vida. Los corazones de los miembros rebosaban, recordando a su pr\u00f3jimo que se emocionaba hasta las l\u00e1grimas o sonre\u00eda alegremente por sus servicios voluntarios.<\/p>\n<p>El concierto se inici\u00f3 con la coreograf\u00eda de un popurr\u00ed musical de caricaturas del Coro Infantil Nueva Vida. Como s\u00edmbolos de la fundaci\u00f3n, tambi\u00e9n representaron una danza tradicional vestidos con el&nbsp;<em>hanbok<\/em>, traje coreano. Los ojos de los ni\u00f1os beneficiados brillaban cuando presenciaban las excelentes actuaciones de los ni\u00f1os de su edad.<\/p>\n<p>Despu\u00e9s, los miembros de la fundaci\u00f3n Eom Tae-gyeong y Kim Dong-hyeon, que son nuevos cantantes, interpretaron los temas&nbsp;<em>Querido Amigo<\/em>&nbsp;y&nbsp;<em>T\u00fa me elevas<\/em>, y recibieron ensordecedores aplausos. Ellos manifestaron: \u201cEs la primera vez que estamos en el escenario del Concierto Nueva Vida, por eso est\u00e1bamos muy nerviosos. Pero con el \u00e1nimo de los miembros, pudimos hacerlo. Estamos muy contentos por su sincero est\u00edmulo\u201d. Y a\u00f1adieron: \u201cDeseamos que los ni\u00f1os enfermos y nuestro pr\u00f3jimo en necesidad sean m\u00e1s felices y est\u00e9n m\u00e1s saludables, teniendo esperanza. Nos vemos el pr\u00f3ximo a\u00f1o\u201d.<\/p>\n<figure class=\"wp-block-gallery has-nested-images columns-1 is-cropped wp-block-gallery-1 is-layout-flex wp-block-gallery-is-layout-flex\">\n<figure class=\"wp-block-image size-full\"><img loading=\"lazy\" decoding=\"async\" width=\"1170\" height=\"550\" data-id=\"29422\" src=\"https:\/\/intlweloveu.org\/wp-content\/uploads\/2025\/10\/thum_the_6th_new_life_concert_03.jpg\" alt=\"\" class=\"wp-image-29422\" srcset=\"https:\/\/intlweloveu.org\/wp-content\/uploads\/2025\/10\/thum_the_6th_new_life_concert_03.jpg 1170w, https:\/\/intlweloveu.org\/wp-content\/uploads\/2025\/10\/thum_the_6th_new_life_concert_03-768x361.jpg 768w, https:\/\/intlweloveu.org\/wp-content\/uploads\/2025\/10\/thum_the_6th_new_life_concert_03-860x404.jpg 860w\" sizes=\"auto, (max-width: 1170px) 100vw, 1170px\" \/><\/figure>\n<figure class=\"wp-block-image size-full\"><img loading=\"lazy\" decoding=\"async\" width=\"1170\" height=\"550\" data-id=\"29423\" src=\"https:\/\/intlweloveu.org\/wp-content\/uploads\/2025\/10\/thum_the_6th_new_life_concert_04.jpg\" alt=\"\" class=\"wp-image-29423\" srcset=\"https:\/\/intlweloveu.org\/wp-content\/uploads\/2025\/10\/thum_the_6th_new_life_concert_04.jpg 1170w, https:\/\/intlweloveu.org\/wp-content\/uploads\/2025\/10\/thum_the_6th_new_life_concert_04-768x361.jpg 768w, https:\/\/intlweloveu.org\/wp-content\/uploads\/2025\/10\/thum_the_6th_new_life_concert_04-860x404.jpg 860w\" sizes=\"auto, (max-width: 1170px) 100vw, 1170px\" \/><\/figure>\n<\/figure>\n<p>El sal\u00f3n del concierto se llen\u00f3 de m\u00e1s emoci\u00f3n con las canciones de los miembros de la fundaci\u00f3n Cho Min-hyeon, Park Ok-hui, O Hae-ee y Yun Ji-hun. Alcanz\u00f3 su punto culminante cuando cantaron juntos los miembros Kim Jae-hun, Bae Gyeong-seop y Kim Gyu-min (que ha sido anfitri\u00f3n del concierto durante a\u00f1os). Los int\u00e9rpretes y los miembros cerraron el concierto con broche de oro interpretando juntos el tema&nbsp;<em>We Love U<\/em>.<\/p>\n<p>Despu\u00e9s del concierto, trece ni\u00f1os que recibieron una nueva vida y esperanza con el amor y el cuidado de los miembros, se ve\u00edan algo cansados, pero sonre\u00edan alegremente diciendo: \u201cFue fant\u00e1stico. Haremos nuestro mejor esfuerzo para mejorarnos\u201d. A-mi (8 a\u00f1os) que presenci\u00f3 el concierto junto con su hermana menor A-bin, se expres\u00f3 como un adulto: \u201cEstaba triste porque mi hermana estaba enferma, pero ahora estoy muy feliz porque la fundaci\u00f3n ayud\u00f3 a mi hermana. Muchas gracias\u201d.<\/p>\n<p>Los miembros tambi\u00e9n transmitieron sus impresiones. Koh Yeong-shin (25 a\u00f1os, Taepyeong-dong, Jung-gu, Daejeon) qued\u00f3 muy impresionada y manifest\u00f3: \u201cEstaba desconsolada como si mis hermanos hubieran estado enfermos, al ver a los ni\u00f1os padeciendo por sus enfermedades. Espero que se levanten de sus lechos de enfermos y pronto jueguen con sus amigos\u201d. Lee Eun-ju (31 a\u00f1os, Gagyeong-dong, Heungdeok-gu, Cheongju) dijo: \u201cEs sorprendente y muy reconfortante que se concentre nuestro peque\u00f1o amor y pueda dar la esperanza de una nueva vida a los ni\u00f1os. Deseo compartir amor con todo el pr\u00f3jimo\u201d.<\/p>\n<figure class=\"wp-block-gallery has-nested-images columns-1 is-cropped wp-block-gallery-2 is-layout-flex wp-block-gallery-is-layout-flex\">\n<figure class=\"wp-block-image size-full\"><img loading=\"lazy\" decoding=\"async\" width=\"1170\" height=\"550\" data-id=\"29424\" src=\"https:\/\/intlweloveu.org\/wp-content\/uploads\/2025\/10\/thum_the_6th_new_life_concert_05.jpg\" alt=\"\" class=\"wp-image-29424\" srcset=\"https:\/\/intlweloveu.org\/wp-content\/uploads\/2025\/10\/thum_the_6th_new_life_concert_05.jpg 1170w, https:\/\/intlweloveu.org\/wp-content\/uploads\/2025\/10\/thum_the_6th_new_life_concert_05-768x361.jpg 768w, https:\/\/intlweloveu.org\/wp-content\/uploads\/2025\/10\/thum_the_6th_new_life_concert_05-860x404.jpg 860w\" sizes=\"auto, (max-width: 1170px) 100vw, 1170px\" \/><\/figure>\n<figure class=\"wp-block-image size-full\"><img loading=\"lazy\" decoding=\"async\" width=\"1170\" height=\"550\" data-id=\"29425\" src=\"https:\/\/intlweloveu.org\/wp-content\/uploads\/2025\/10\/thum_the_6th_new_life_concert_06.jpg\" alt=\"\" class=\"wp-image-29425\" srcset=\"https:\/\/intlweloveu.org\/wp-content\/uploads\/2025\/10\/thum_the_6th_new_life_concert_06.jpg 1170w, https:\/\/intlweloveu.org\/wp-content\/uploads\/2025\/10\/thum_the_6th_new_life_concert_06-768x361.jpg 768w, https:\/\/intlweloveu.org\/wp-content\/uploads\/2025\/10\/thum_the_6th_new_life_concert_06-860x404.jpg 860w\" sizes=\"auto, (max-width: 1170px) 100vw, 1170px\" \/><\/figure>\n<\/figure>\n<p>Los miembros de Yuseong-gu, Daejeon, realizaron un gran esfuerzo para preparar el evento. Barrieron, fregaron, incluso pintaron el piso, los asientos del recinto, el escenario, los ba\u00f1os y una sala de espera. Los funcionarios de la universidad que vieron esto los admiraron y dijeron: \u201cMe gustar\u00eda que la Fundacion de Bienestar Nueva Vida realice un evento aqu\u00ed todos los d\u00edas\u201d. Estos comentarios posteriores al evento llenaron nuestros corazones. Despu\u00e9s del concierto, limpiaron el lugar hasta altas horas de la noche.<\/p>\n<p>Todav\u00eda estaba nevando cuando salimos del recinto despu\u00e9s del concierto. Los copos de nieve no esquivaban los lugares sucios ni ignoraban los asientos bajos, sino que ca\u00edan por todos lados sin distinci\u00f3n: sobre los terrenos bajos o los montones de basura; se parec\u00edan a los miembros que van a todas partes si se requiere su ayuda. As\u00ed como los peque\u00f1os copos de nieve que caen sin cesar y crean un mundo limpio y blanco al final, nuestro amor se acumular\u00e1 poco a poco y llenar\u00e1 el mundo de felicidad.<\/p>\n<h2 class=\"wp-block-heading\">Entrevista en el Concierto \u2460<\/h2>\n<blockquote class=\"wp-block-quote is-layout-flow wp-block-quote-is-layout-flow\">\n<p>\u00abCompartan amor diligentemente tambi\u00e9n en el a\u00f1o 2006, como siempre lo han hecho.\u00bb<\/p>\n<p><cite>Patrocinador Principal de la Fundaci\u00f3n de Bienestar Nueva Vida, Lee Soon-jae<\/cite><\/p><\/blockquote>\n<div class=\"wp-block-image limit\">\n<figure class=\"aligncenter size-full\"><img loading=\"lazy\" decoding=\"async\" width=\"415\" height=\"550\" src=\"https:\/\/intlweloveu.org\/wp-content\/uploads\/2025\/10\/thum_the_6th_new_life_concert_07.jpg\" alt=\"\" class=\"wp-image-29426\" style=\"object-fit:cover\" srcset=\"https:\/\/intlweloveu.org\/wp-content\/uploads\/2025\/10\/thum_the_6th_new_life_concert_07.jpg 415w, https:\/\/intlweloveu.org\/wp-content\/uploads\/2025\/10\/thum_the_6th_new_life_concert_07-377x500.jpg 377w\" sizes=\"auto, (max-width: 415px) 100vw, 415px\" \/><\/figure>\n<\/div>\n<p><strong><strong>P. \u00bfC\u00f3mo se sinti\u00f3 al ver el 6.\u00ba Concierto Nueva Vida?<\/strong><\/strong><\/p>\n<p>R. Fue muy conmovedor. Cada vez que he asistido a un evento realizado por la Fundaci\u00f3n de Bienestar Nueva Vida, quedaba impresionado porque los miembros siempre manten\u00edan el orden y eran entusiastas. El concierto de hoy fue m\u00e1s conmovedor y hermoso; los miembros estuvieron unidos con un solo sentir. El momento m\u00e1s impresionante fue la ceremonia de entrega de donaciones cuando la presidenta misma entreg\u00f3 las donaciones, llena de amor y esperanza, a los ni\u00f1os en situaciones dif\u00edciles. Creo que va a ser una gran ayuda para ellos, que est\u00e1n enfermos f\u00edsica y mentalmente de enfermedades incurables, para que puedan vivir con sue\u00f1os y esperanzas. Lo que los ni\u00f1os recibieron fue amor, no solo ayuda material formal. Agradezco a la presidenta y al mismo tiempo a todos los miembros, que siempre ayudan a nuestro pr\u00f3jimo con sus buenas obras.<\/p>\n<div style=\"height:10px\" aria-hidden=\"true\" class=\"wp-block-spacer\"><\/div>\n<p><strong><strong>P. La Fundaci\u00f3n de Bienestar Nueva Vida lleva a cabo diversas actividades para compartir amor. Al ver los eventos realizados por la fundaci\u00f3n, \u00bfencontr\u00f3 alguna diferencia con los eventos de caridad de otras organizaciones?<\/strong><\/strong><\/p>\n<p>R. A diferencia de otras organizaciones, la Fundaci\u00f3n de Bienestar Nueva Vida realiza todas sus actividades \u00fanicamente con la buena voluntad de los miembros, la participaci\u00f3n voluntaria, dedicaci\u00f3n c\u00e1lida y amor. Las actividades de otras organizaciones se limitan a una o dos \u00e1reas y en realidad les resulta complicado interesarse en las dem\u00e1s, pero la Fundaci\u00f3n de Bienestar Nueva Vida extiende su mano de ayuda a diversos sectores con gran inter\u00e9s: ayuda a los ni\u00f1os con enfermedades card\u00edacas y hogares sin padres y al pr\u00f3jimo en necesidad, realiza fiestas de consuelo para los ancianos, campa\u00f1as de donaci\u00f3n de sangre, visitas de consuelo a los militares o a la polic\u00eda, ayuda en caso de desastres, etc., incluso hacen las cosas que el gobierno deber\u00eda asumir. Realmente agradezco los esfuerzos de los miembros que dan ayuda real tanto f\u00edsica como espiritual a nuestro pr\u00f3jimo desfavorecido.<\/p>\n<div style=\"height:10px\" aria-hidden=\"true\" class=\"wp-block-spacer\"><\/div>\n<p><strong><strong>P. \u00bfDe d\u00f3nde cree que proviene el poder de enlazar el entusiasmo y los corazones de los miembros?<\/strong><\/strong><\/p>\n<p>R. El esp\u00edritu fundamental de las actividades voluntarias de la fundaci\u00f3n es el \u201camor\u201d. Cada actividad comienza del amor por la humanidad. No es f\u00e1cil practicar el amor en nuestra vida cotidiana. Si tenemos un firme compromiso y esp\u00edritu decidido de servicio voluntario, podemos practicarlo. Los corazones de los miembros de la fundaci\u00f3n est\u00e1n llenos de ese amor, y la firme voluntad de participar en el servicio voluntario est\u00e1 profundamente arraigada en ellos. Est\u00e1n llenos de aquel amor, de modo que pueden participar activamente en el servicio voluntario con un mismo prop\u00f3sito.<\/p>\n<div style=\"height:10px\" aria-hidden=\"true\" class=\"wp-block-spacer\"><\/div>\n<p><strong><strong>P. El n\u00famero de miembros de la fundaci\u00f3n est\u00e1 aumentando; \u00bfcu\u00e1l cree que sea la raz\u00f3n?<\/strong><\/strong><\/p>\n<p>R. La raz\u00f3n por la que la gente se est\u00e1 volviendo insensible y taca\u00f1a en ayudar a otros se debe a la falta de inter\u00e9s por los dem\u00e1s. Por supuesto, es natural hacerse m\u00e1s mezquino cuando la econom\u00eda es dif\u00edcil. Pero no creo que solo los ricos puedan ayudar a nuestro pr\u00f3jimo necesitado. En realidad, la gente que vive en dificultades es m\u00e1s activa en ayudar a los dem\u00e1s, simpatizando con sus compa\u00f1eros que est\u00e1n sufriendo. De la misma manera, los miembros de la fundaci\u00f3n, aunque no son ricos, unen sus corazones para ayudar a su pr\u00f3jimo en necesidad y crean una sociedad m\u00e1s brillante. Ayudan sinceramente a los dem\u00e1s con amor verdadero. Es por eso que se re\u00fanen cada vez m\u00e1s las personas que tienen el mismo sentir.<\/p>\n<div style=\"height:10px\" aria-hidden=\"true\" class=\"wp-block-spacer\"><\/div>\n<p><strong><strong>P. \u00bfCu\u00e1l es su plan para la fundaci\u00f3n como Patrocinador Principal?<\/strong><\/strong><\/p>\n<p>R. Har\u00e9 todo lo que pueda hacer positivamente como Patrocinador Principal. Estoy de acuerdo con los principios fundamentales de la fundaci\u00f3n para ayudar a nuestro pr\u00f3jimo, por lo que seguir\u00e9 con diligencia al personal y a los miembros, y los ayudar\u00e9 con gusto si necesitan mi apoyo.<\/p>\n<div style=\"height:10px\" aria-hidden=\"true\" class=\"wp-block-spacer\"><\/div>\n<p><strong><strong>P. \u00bfHay algo que desee que los miembros realicen o tiene alg\u00fan mensaje para ellos?<\/strong><\/strong><\/p>\n<p>R. No pueden hacerlo mejor. Solo espero que se sientan recompensados cuando vean felices a las personas a quienes ayudaron, las cuales van a contribuir en gran medida a forjar un mundo m\u00e1s hermoso con su constante amor.<br>Espero que sean una gran esperanza para nuestra sociedad y nuestro pr\u00f3jimo desafortunado, expandiendo como siempre constante amor en 2006. Gracias.<\/p>\n<div style=\"height:10px\" aria-hidden=\"true\" class=\"wp-block-spacer\"><\/div>\n<h2 class=\"wp-block-heading\">Entrevista en el Concierto \u2461<\/h2>\n<blockquote class=\"wp-block-quote is-layout-flow wp-block-quote-is-layout-flow\">\n<p>\u201cNuestro amado pr\u00f3jimo, cuyo coraz\u00f3n herido ha sido curado con amor y cuidado a trav\u00e9s del 6.\u00ba concierto.\u201d Deseamos que crezcan como el trigo que supera el invierno.<\/p>\n<\/blockquote>\n<figure class=\"wp-block-image size-full\"><img loading=\"lazy\" decoding=\"async\" width=\"1170\" height=\"550\" src=\"https:\/\/intlweloveu.org\/wp-content\/uploads\/2025\/10\/thum_the_6th_new_life_concert_08.jpg\" alt=\"\" class=\"wp-image-29427\" srcset=\"https:\/\/intlweloveu.org\/wp-content\/uploads\/2025\/10\/thum_the_6th_new_life_concert_08.jpg 1170w, https:\/\/intlweloveu.org\/wp-content\/uploads\/2025\/10\/thum_the_6th_new_life_concert_08-768x361.jpg 768w, https:\/\/intlweloveu.org\/wp-content\/uploads\/2025\/10\/thum_the_6th_new_life_concert_08-860x404.jpg 860w\" sizes=\"auto, (max-width: 1170px) 100vw, 1170px\" \/><figcaption class=\"wp-element-caption\">Beneficiarios y sus familias<\/figcaption><\/figure>\n<p>A trav\u00e9s del 6.\u00ba Concierto Nueva Vida, trece ni\u00f1os que viven en la ciudad de Daejeon: tres ni\u00f1os con enfermedades card\u00edacas, cinco con enfermedades incurables y cinco hogares sin padres, recibieron el verdadero amor de los miembros de la fundaci\u00f3n.<\/p>\n<p>Cheol-wu y Yeong-jun, que sufren de meduloblastoma; Seung-myeong, a quien le diagnosticaron neuroblastoma y planeaba recibir quimioterapia; Yeong-geun y Na-ra, que sufren de enfermedades card\u00edacas, asistieron al concierto con emoci\u00f3n. Gyeong-tae, que fue sometido dos veces a una cirug\u00eda coronaria, tuvo que hospitalizarse debido a una reca\u00edda, por lo cual no asisti\u00f3 al concierto.<\/p>\n<p>Eun-hee, la menor de los ni\u00f1os beneficiados, se ve\u00eda aparentemente como los dem\u00e1s ni\u00f1os, pero sufre de septicemia, insuficiencia renal y temblor de manos. A-bin, que cay\u00f3 enferma de una extra\u00f1a enfermedad (trombocitopenia esencial) primera en el pa\u00eds y quinta en el mundo, no conoc\u00eda ning\u00fan lugar, excepto su casa y el hospital, sin embargo visit\u00f3 el sal\u00f3n del concierto, de la mano con su madre y su hermana mayor.<\/p>\n<p>So-hui, que vive con su hermana menor; Jin-gang, que vive con su t\u00eda; Yen-jin, Dong-gil y Da-mi, los cuales viven con sus abuelas y hermanos y hermanas menores, son hogares sin padres. Aunque viven en situaciones dif\u00edciles, son honestos y fieles, adem\u00e1s son aplicados en la escuela.<\/p>\n<p>Los ni\u00f1os con enfermedades card\u00edacas y enfermedades incurables y hogares sin padres, que se reunieron en el 6.\u00ba Concierto Nueva Vida, rieron alegremente por bastante tiempo. En el lugar lleno de esperanza y alegr\u00eda, presenciaron las representaciones que los miembros hab\u00edan preparado con toda sinceridad. Los ni\u00f1os beneficiados sonrieron con ojos brillantes cuando vieron la danza y el canto de los miembros de su misma edad del Coro Infantil Nueva Vida.<\/p>\n<p>Algunas familias beneficiarias lloraron de emoci\u00f3n una vez que finalizaron todos los programas. Los familiares de los ni\u00f1os enfermos sonre\u00edan y dec\u00edan: \u201cFue un concierto muy conmovedor. Vivir\u00e9 con el valor, el amor y la esperanza que me dieron hoy\u201d.<\/p>\n<p>Devolver las sonrisas puras a los ni\u00f1os que luchan contra las enfermedades con sus peque\u00f1os cuerpos\u2026 transmitir esperanza a los hogares sin padres que viven en situaciones dif\u00edciles\u2026 \u201cPracticar amor\u201d no es dar algo de nuestras pertenencias a los dem\u00e1s, sino \u201cllenarnos con algo valioso\u201d. Los miembros de la fundaci\u00f3n reflexionaron una vez m\u00e1s en esta ense\u00f1anza.<\/p>\n<p>Gracias al Concierto Nueva Vida que se ha realizado anualmente, cerca de cien ni\u00f1os hasta ahora recibieron una nueva vida con el amor y cuidado de los miembros, y actualmente tienen vidas m\u00e1s felices y saludables. Los miembros desearon ansiosamente que los ni\u00f1os crezcan fuertes mediante su \u201cpr\u00e1ctica de amor\u201d, como la cebada que brota completamente verde despu\u00e9s de pasar el invierno.<\/p>\n<p class=\"has-vivid-cyan-blue-color has-text-color has-link-color wp-elements-994581a3f4fed5462a1253a5544012f4\">\u203b Entrevistamos a los ni\u00f1os beneficiarios y sus familiares. Recibiendo el amor y la preocupaci\u00f3n de los miembros, se comprometieron a vivir con esperanza. Al pensar cu\u00e1nto consuelo y valor puede dar nuestro peque\u00f1o amor a nuestro pr\u00f3jimo, tambi\u00e9n esperamos practicar m\u00e1s este amor en el a\u00f1o 2016.<\/p>\n<div style=\"height:10px\" aria-hidden=\"true\" class=\"wp-block-spacer\"><\/div>\n<p><strong><strong>P. \u00bfFue para usted \u00fatil el amor y la preocupaci\u00f3n de los miembros?<\/strong><\/strong><\/p>\n<blockquote class=\"wp-block-quote is-layout-flow wp-block-quote-is-layout-flow\">\n<p>R. Por supuesto. No s\u00e9 c\u00f3mo agradecerles. Cuando estaba sin esperanza, me dieron su ayuda. Ahora puedo vivir con esperanza y valor. Me sent\u00ed muy agradecida al saber que los miembros de la fundaci\u00f3n, a quienes antes no conoc\u00eda, ayudar\u00edan a mi hija A-bin. Pens\u00e9 que eran mejor que mi propia familia. Despu\u00e9s de conocerlos aqu\u00ed, siento que en realidad son mi familia. Nunca he estado en un lugar como este y no sab\u00eda que exist\u00eda una organizaci\u00f3n como esta en Corea que realiza muchas buenas actividades para los dem\u00e1s. Me apena no haber sabido que tantas personas est\u00e1n llevando a cabo buenas obras, ni ayudar a los dem\u00e1s hasta ahora. A-bin est\u00e1 feliz, y yo tambi\u00e9n estoy contenta de verla feliz. Cuidar\u00e9 bien de mi hija de modo que pueda recibir un buen tratamiento m\u00e9dico y recupere su salud. Gracias por su ayuda.<\/p>\n<p><cite>madre de A-bin<\/cite><\/p><\/blockquote>\n<div style=\"height:10px\" aria-hidden=\"true\" class=\"wp-block-spacer\"><\/div>\n<p><strong><strong><strong>P. Debe de haber sido dif\u00edcil para su hijo venir aqu\u00ed a causa de su enfermedad. \u00bfC\u00f3mo pudo hacerlo?<\/strong><\/strong><\/strong><\/p>\n<blockquote class=\"wp-block-quote is-layout-flow wp-block-quote-is-layout-flow\">\n<p>R. No es algo com\u00fan para nosotros venir a ver un gran evento o un espect\u00e1culo como el de hoy. Muchas gracias por invitarnos. Yeong-jun est\u00e1 enfermo, por lo que no tenemos libertad para ir a ning\u00fan lado. Hasta un resfr\u00edo puede ser cr\u00edtico para \u00e9l, y debe mantenerse alejado de la afluencia de personas. Pero \u00e9l quiso venir aqu\u00ed hoy y los miembros de la fundaci\u00f3n nos trajeron. Fueron muy considerados con nosotros. Su servicio voluntario fue muy sobresaliente. Realmente les agradezco por invitarnos a este maravilloso concierto y ayudarnos.<\/p>\n<p><cite>madre de Yeong-jun<\/cite><\/p><\/blockquote>\n<div style=\"height:10px\" aria-hidden=\"true\" class=\"wp-block-spacer\"><\/div>\n<p><strong><strong>P. \u00bfHay alguna nueva meta en su vida o entendimiento que lleg\u00f3 a tener a trav\u00e9s de este evento?<\/strong><\/strong><\/p>\n<blockquote class=\"wp-block-quote is-layout-flow wp-block-quote-is-layout-flow\">\n<p>R. Deseo dar tanto amor como he recibido aqu\u00ed. Los miembros de la fundaci\u00f3n me ayudaron no solo f\u00edsica sino tambi\u00e9n espiritualmente. He recibido las cosas m\u00e1s valiosas de los miembros como el amor, la felicidad y la esperanza. En otras palabras, dieron a mi familia una nueva vida. Yo tambi\u00e9n quiero dar a mi pr\u00f3jimo amor y nueva vida. Ser\u00eda bueno si mi hija, Eun-hee, creciera para que sea una persona capaz de devolver todo el amor que recibi\u00f3. Quiz\u00e1 ella tambi\u00e9n sabe bien esto.<\/p>\n<p><cite>madre de Eun-hee<\/cite><\/p><\/blockquote>\n<div style=\"height:10px\" aria-hidden=\"true\" class=\"wp-block-spacer\"><\/div>\n<p><strong><strong><strong>P. \u00bfDesea transmitir alg\u00fan mensaje a los miembros de la Fundaci\u00f3n de Bienestar Nueva Vida?<\/strong><\/strong><\/strong><\/p>\n<blockquote class=\"wp-block-quote is-layout-flow wp-block-quote-is-layout-flow\">\n<p>R. Me he dado cuenta de que los miembros de la Fundaci\u00f3n de Bienestar Nueva Vida son personas de buen coraz\u00f3n. Fue una experiencia muy especial para mi hija Na-ra y para m\u00ed. Me han dado mucho \u00e1nimo, y he recibido el amor de muchas personas y visto cara a cara a los que me ayudaron. Creo que la mejor manera de retribuir su amor es cuidar bien de mi hija, para que tenga una buena operaci\u00f3n y crezca sana. Har\u00e9 mi mejor esfuerzo como madre suya con valor. Muchas gracias.<\/p>\n<p><cite>madre de Na-ra<\/cite><\/p><\/blockquote>\n<figure class=\"wp-block-image size-full\"><img loading=\"lazy\" decoding=\"async\" width=\"1170\" height=\"550\" src=\"https:\/\/intlweloveu.org\/wp-content\/uploads\/2025\/10\/thum_the_6th_new_life_concert_09.jpg\" alt=\"\" class=\"wp-image-29428\" srcset=\"https:\/\/intlweloveu.org\/wp-content\/uploads\/2025\/10\/thum_the_6th_new_life_concert_09.jpg 1170w, https:\/\/intlweloveu.org\/wp-content\/uploads\/2025\/10\/thum_the_6th_new_life_concert_09-768x361.jpg 768w, https:\/\/intlweloveu.org\/wp-content\/uploads\/2025\/10\/thum_the_6th_new_life_concert_09-860x404.jpg 860w\" sizes=\"auto, (max-width: 1170px) 100vw, 1170px\" \/><\/figure>\n","protected":false},"excerpt":{"rendered":"El 22 de diciembre de 2005, a las 7 p. m., cuando ca\u00edan grandes copos de nieve, se llev\u00f3 a cabo el 6.\u00ba Concierto Nueva Vida en el Sal\u00f3n Jeongshimhwa del Centro Cultural Internacional Jeongshimhwa de la Universidad de Chungnam, ubicada en la ciudad de Daejeon. El sal\u00f3n se llen\u00f3 con m\u00e1s de dos mil&#8230;","protected":false},"author":9,"featured_media":207551,"comment_status":"closed","ping_status":"closed","sticky":false,"template":"","format":"standard","meta":{"footnotes":""},"categories":[55,93,73,110,35],"tags":[],"class_list":["post-31206","post","type-post","status-publish","format-standard","has-post-thumbnail","hentry","category-sdgs","category-concert","category-campaign-news","category-sdgs-peace","category-sin-categoria"],"yoast_head":"<!-- This site is optimized with the Yoast SEO plugin v26.8 - https:\/\/yoast.com\/product\/yoast-seo-wordpress\/ -->\n<title>6.\u00ba Concierto Nueva Vida - Fundaci\u00f3n Internacional WeLoveU<\/title>\n<meta name=\"robots\" content=\"index, follow, max-snippet:-1, max-image-preview:large, max-video-preview:-1\" \/>\n<link rel=\"canonical\" href=\"https:\/\/intlweloveu.org\/es\/the-6th-new-life-concert\/\" \/>\n<meta property=\"og:locale\" content=\"es_ES\" \/>\n<meta property=\"og:type\" content=\"article\" \/>\n<meta property=\"og:title\" content=\"6.\u00ba Concierto Nueva Vida - Fundaci\u00f3n Internacional WeLoveU\" \/>\n<meta property=\"og:description\" content=\"El 22 de diciembre de 2005, a las 7 p. m., cuando ca\u00edan grandes copos de nieve, se llev\u00f3 a cabo el 6.\u00ba Concierto Nueva Vida en el Sal\u00f3n Jeongshimhwa del Centro Cultural Internacional Jeongshimhwa de la Universidad de Chungnam, ubicada en la ciudad de Daejeon. El sal\u00f3n se llen\u00f3 con m\u00e1s de dos mil...\" \/>\n<meta property=\"og:url\" content=\"https:\/\/intlweloveu.org\/es\/the-6th-new-life-concert\/\" \/>\n<meta property=\"og:site_name\" content=\"Fundaci\u00f3n Internacional WeLoveU\" \/>\n<meta property=\"article:published_time\" content=\"2005-12-22T07:00:00+00:00\" \/>\n<meta property=\"article:modified_time\" content=\"2026-01-23T02:58:34+00:00\" \/>\n<meta property=\"og:image\" content=\"https:\/\/intlweloveu.org\/wp-content\/uploads\/2025\/10\/thum_the_6th_new_life_concert_03.jpg\" \/>\n\t<meta property=\"og:image:width\" content=\"1170\" \/>\n\t<meta property=\"og:image:height\" content=\"550\" \/>\n\t<meta property=\"og:image:type\" content=\"image\/jpeg\" \/>\n<meta name=\"author\" content=\"\uc548 \uc9c0\uc601\" \/>\n<meta name=\"twitter:card\" content=\"summary_large_image\" \/>\n<meta name=\"twitter:label1\" content=\"Escrito por\" \/>\n\t<meta name=\"twitter:data1\" content=\"\uc548 \uc9c0\uc601\" \/>\n\t<meta name=\"twitter:label2\" content=\"Tiempo de lectura\" \/>\n\t<meta name=\"twitter:data2\" content=\"17 minutos\" \/>\n<script type=\"application\/ld+json\" class=\"yoast-schema-graph\">{\"@context\":\"https:\/\/schema.org\",\"@graph\":[{\"@type\":\"Article\",\"@id\":\"https:\/\/intlweloveu.org\/es\/the-6th-new-life-concert\/#article\",\"isPartOf\":{\"@id\":\"https:\/\/intlweloveu.org\/es\/the-6th-new-life-concert\/\"},\"author\":{\"name\":\"\uc548 \uc9c0\uc601\",\"@id\":\"https:\/\/intlweloveu.org\/#\/schema\/person\/1a1e923e29d2067adcfb1c90e5f0c607\"},\"headline\":\"6.\u00ba Concierto Nueva Vida\",\"datePublished\":\"2005-12-22T07:00:00+00:00\",\"dateModified\":\"2026-01-23T02:58:34+00:00\",\"mainEntityOfPage\":{\"@id\":\"https:\/\/intlweloveu.org\/es\/the-6th-new-life-concert\/\"},\"wordCount\":3319,\"image\":{\"@id\":\"https:\/\/intlweloveu.org\/es\/the-6th-new-life-concert\/#primaryimage\"},\"thumbnailUrl\":\"https:\/\/intlweloveu.org\/wp-content\/uploads\/2025\/10\/thum_the_6th_new_life_concert_03.jpg\",\"articleSection\":[\"Con los ODS\",\"Concierto\",\"Noticias de campa\u00f1a\",\"Paz, justicia e instituciones s\u00f3lidas\"],\"inLanguage\":\"es\"},{\"@type\":\"WebPage\",\"@id\":\"https:\/\/intlweloveu.org\/es\/the-6th-new-life-concert\/\",\"url\":\"https:\/\/intlweloveu.org\/es\/the-6th-new-life-concert\/\",\"name\":\"6.\u00ba Concierto Nueva Vida - Fundaci\u00f3n Internacional WeLoveU\",\"isPartOf\":{\"@id\":\"https:\/\/intlweloveu.org\/#website\"},\"primaryImageOfPage\":{\"@id\":\"https:\/\/intlweloveu.org\/es\/the-6th-new-life-concert\/#primaryimage\"},\"image\":{\"@id\":\"https:\/\/intlweloveu.org\/es\/the-6th-new-life-concert\/#primaryimage\"},\"thumbnailUrl\":\"https:\/\/intlweloveu.org\/wp-content\/uploads\/2025\/10\/thum_the_6th_new_life_concert_03.jpg\",\"datePublished\":\"2005-12-22T07:00:00+00:00\",\"dateModified\":\"2026-01-23T02:58:34+00:00\",\"author\":{\"@id\":\"https:\/\/intlweloveu.org\/#\/schema\/person\/1a1e923e29d2067adcfb1c90e5f0c607\"},\"breadcrumb\":{\"@id\":\"https:\/\/intlweloveu.org\/es\/the-6th-new-life-concert\/#breadcrumb\"},\"inLanguage\":\"es\",\"potentialAction\":[{\"@type\":\"ReadAction\",\"target\":[\"https:\/\/intlweloveu.org\/es\/the-6th-new-life-concert\/\"]}]},{\"@type\":\"ImageObject\",\"inLanguage\":\"es\",\"@id\":\"https:\/\/intlweloveu.org\/es\/the-6th-new-life-concert\/#primaryimage\",\"url\":\"https:\/\/intlweloveu.org\/wp-content\/uploads\/2025\/10\/thum_the_6th_new_life_concert_03.jpg\",\"contentUrl\":\"https:\/\/intlweloveu.org\/wp-content\/uploads\/2025\/10\/thum_the_6th_new_life_concert_03.jpg\",\"width\":1170,\"height\":550},{\"@type\":\"BreadcrumbList\",\"@id\":\"https:\/\/intlweloveu.org\/es\/the-6th-new-life-concert\/#breadcrumb\",\"itemListElement\":[{\"@type\":\"ListItem\",\"position\":1,\"name\":\"\ud648\",\"item\":\"https:\/\/intlweloveu.org\/es\/\"},{\"@type\":\"ListItem\",\"position\":2,\"name\":\"6.\u00ba Concierto Nueva Vida\"}]},{\"@type\":\"WebSite\",\"@id\":\"https:\/\/intlweloveu.org\/#website\",\"url\":\"https:\/\/intlweloveu.org\/\",\"name\":\"The Intl. WeLoveU Foundation\",\"description\":\"El Amor de la Madre al Mundo Entero\",\"alternateName\":\"\uad6d\uc81c\uc704\ub7ec\ube0c\uc720\uc6b4\ub3d9\ubcf8\ubd80\",\"potentialAction\":[{\"@type\":\"SearchAction\",\"target\":{\"@type\":\"EntryPoint\",\"urlTemplate\":\"https:\/\/intlweloveu.org\/?s={search_term_string}\"},\"query-input\":{\"@type\":\"PropertyValueSpecification\",\"valueRequired\":true,\"valueName\":\"search_term_string\"}}],\"inLanguage\":\"es\"},{\"@type\":\"Person\",\"@id\":\"https:\/\/intlweloveu.org\/#\/schema\/person\/1a1e923e29d2067adcfb1c90e5f0c607\",\"name\":\"\uc548 \uc9c0\uc601\"}]}<\/script>\n<!-- \/ Yoast SEO plugin. -->","yoast_head_json":{"title":"6.\u00ba Concierto Nueva Vida - Fundaci\u00f3n Internacional WeLoveU","robots":{"index":"index","follow":"follow","max-snippet":"max-snippet:-1","max-image-preview":"max-image-preview:large","max-video-preview":"max-video-preview:-1"},"canonical":"https:\/\/intlweloveu.org\/es\/the-6th-new-life-concert\/","og_locale":"es_ES","og_type":"article","og_title":"6.\u00ba Concierto Nueva Vida - Fundaci\u00f3n Internacional WeLoveU","og_description":"El 22 de diciembre de 2005, a las 7 p. m., cuando ca\u00edan grandes copos de nieve, se llev\u00f3 a cabo el 6.\u00ba Concierto Nueva Vida en el Sal\u00f3n Jeongshimhwa del Centro Cultural Internacional Jeongshimhwa de la Universidad de Chungnam, ubicada en la ciudad de Daejeon. El sal\u00f3n se llen\u00f3 con m\u00e1s de dos mil...","og_url":"https:\/\/intlweloveu.org\/es\/the-6th-new-life-concert\/","og_site_name":"Fundaci\u00f3n Internacional WeLoveU","article_published_time":"2005-12-22T07:00:00+00:00","article_modified_time":"2026-01-23T02:58:34+00:00","og_image":[{"width":1170,"height":550,"url":"https:\/\/intlweloveu.org\/wp-content\/uploads\/2025\/10\/thum_the_6th_new_life_concert_03.jpg","type":"image\/jpeg"}],"author":"\uc548 \uc9c0\uc601","twitter_card":"summary_large_image","twitter_misc":{"Escrito por":"\uc548 \uc9c0\uc601","Tiempo de lectura":"17 minutos"},"schema":{"@context":"https:\/\/schema.org","@graph":[{"@type":"Article","@id":"https:\/\/intlweloveu.org\/es\/the-6th-new-life-concert\/#article","isPartOf":{"@id":"https:\/\/intlweloveu.org\/es\/the-6th-new-life-concert\/"},"author":{"name":"\uc548 \uc9c0\uc601","@id":"https:\/\/intlweloveu.org\/#\/schema\/person\/1a1e923e29d2067adcfb1c90e5f0c607"},"headline":"6.\u00ba Concierto Nueva Vida","datePublished":"2005-12-22T07:00:00+00:00","dateModified":"2026-01-23T02:58:34+00:00","mainEntityOfPage":{"@id":"https:\/\/intlweloveu.org\/es\/the-6th-new-life-concert\/"},"wordCount":3319,"image":{"@id":"https:\/\/intlweloveu.org\/es\/the-6th-new-life-concert\/#primaryimage"},"thumbnailUrl":"https:\/\/intlweloveu.org\/wp-content\/uploads\/2025\/10\/thum_the_6th_new_life_concert_03.jpg","articleSection":["Con los ODS","Concierto","Noticias de campa\u00f1a","Paz, justicia e instituciones s\u00f3lidas"],"inLanguage":"es"},{"@type":"WebPage","@id":"https:\/\/intlweloveu.org\/es\/the-6th-new-life-concert\/","url":"https:\/\/intlweloveu.org\/es\/the-6th-new-life-concert\/","name":"6.\u00ba Concierto Nueva Vida - Fundaci\u00f3n Internacional WeLoveU","isPartOf":{"@id":"https:\/\/intlweloveu.org\/#website"},"primaryImageOfPage":{"@id":"https:\/\/intlweloveu.org\/es\/the-6th-new-life-concert\/#primaryimage"},"image":{"@id":"https:\/\/intlweloveu.org\/es\/the-6th-new-life-concert\/#primaryimage"},"thumbnailUrl":"https:\/\/intlweloveu.org\/wp-content\/uploads\/2025\/10\/thum_the_6th_new_life_concert_03.jpg","datePublished":"2005-12-22T07:00:00+00:00","dateModified":"2026-01-23T02:58:34+00:00","author":{"@id":"https:\/\/intlweloveu.org\/#\/schema\/person\/1a1e923e29d2067adcfb1c90e5f0c607"},"breadcrumb":{"@id":"https:\/\/intlweloveu.org\/es\/the-6th-new-life-concert\/#breadcrumb"},"inLanguage":"es","potentialAction":[{"@type":"ReadAction","target":["https:\/\/intlweloveu.org\/es\/the-6th-new-life-concert\/"]}]},{"@type":"ImageObject","inLanguage":"es","@id":"https:\/\/intlweloveu.org\/es\/the-6th-new-life-concert\/#primaryimage","url":"https:\/\/intlweloveu.org\/wp-content\/uploads\/2025\/10\/thum_the_6th_new_life_concert_03.jpg","contentUrl":"https:\/\/intlweloveu.org\/wp-content\/uploads\/2025\/10\/thum_the_6th_new_life_concert_03.jpg","width":1170,"height":550},{"@type":"BreadcrumbList","@id":"https:\/\/intlweloveu.org\/es\/the-6th-new-life-concert\/#breadcrumb","itemListElement":[{"@type":"ListItem","position":1,"name":"\ud648","item":"https:\/\/intlweloveu.org\/es\/"},{"@type":"ListItem","position":2,"name":"6.\u00ba Concierto Nueva Vida"}]},{"@type":"WebSite","@id":"https:\/\/intlweloveu.org\/#website","url":"https:\/\/intlweloveu.org\/","name":"The Intl. WeLoveU Foundation","description":"El Amor de la Madre al Mundo Entero","alternateName":"\uad6d\uc81c\uc704\ub7ec\ube0c\uc720\uc6b4\ub3d9\ubcf8\ubd80","potentialAction":[{"@type":"SearchAction","target":{"@type":"EntryPoint","urlTemplate":"https:\/\/intlweloveu.org\/?s={search_term_string}"},"query-input":{"@type":"PropertyValueSpecification","valueRequired":true,"valueName":"search_term_string"}}],"inLanguage":"es"},{"@type":"Person","@id":"https:\/\/intlweloveu.org\/#\/schema\/person\/1a1e923e29d2067adcfb1c90e5f0c607","name":"\uc548 \uc9c0\uc601"}]}},"_links":{"self":[{"href":"https:\/\/intlweloveu.org\/es\/wp-json\/wp\/v2\/posts\/31206","targetHints":{"allow":["GET"]}}],"collection":[{"href":"https:\/\/intlweloveu.org\/es\/wp-json\/wp\/v2\/posts"}],"about":[{"href":"https:\/\/intlweloveu.org\/es\/wp-json\/wp\/v2\/types\/post"}],"author":[{"embeddable":true,"href":"https:\/\/intlweloveu.org\/es\/wp-json\/wp\/v2\/users\/9"}],"replies":[{"embeddable":true,"href":"https:\/\/intlweloveu.org\/es\/wp-json\/wp\/v2\/comments?post=31206"}],"version-history":[{"count":3,"href":"https:\/\/intlweloveu.org\/es\/wp-json\/wp\/v2\/posts\/31206\/revisions"}],"predecessor-version":[{"id":31210,"href":"https:\/\/intlweloveu.org\/es\/wp-json\/wp\/v2\/posts\/31206\/revisions\/31210"}],"wp:featuredmedia":[{"embeddable":true,"href":"https:\/\/intlweloveu.org\/es\/wp-json\/wp\/v2\/media\/207551"}],"wp:attachment":[{"href":"https:\/\/intlweloveu.org\/es\/wp-json\/wp\/v2\/media?parent=31206"}],"wp:term":[{"taxonomy":"category","embeddable":true,"href":"https:\/\/intlweloveu.org\/es\/wp-json\/wp\/v2\/categories?post=31206"},{"taxonomy":"post_tag","embeddable":true,"href":"https:\/\/intlweloveu.org\/es\/wp-json\/wp\/v2\/tags?post=31206"}],"curies":[{"name":"wp","href":"https:\/\/api.w.org\/{rel}","templated":true}]}}