{"id":29514,"date":"2005-05-01T07:00:00","date_gmt":"2005-05-01T07:00:00","guid":{"rendered":"https:\/\/intlweloveu.org\/the-6th-new-life-family-walkathon\/"},"modified":"2026-01-23T05:04:46","modified_gmt":"2026-01-23T05:04:46","slug":"the-6th-new-life-family-walkathon","status":"publish","type":"post","link":"https:\/\/intlweloveu.org\/es\/the-6th-new-life-family-walkathon\/","title":{"rendered":"6.\u00aa Caminata Familiar Nueva Vida"},"content":{"rendered":"<figure class=\"wp-block-image size-full\"><img loading=\"lazy\" decoding=\"async\" width=\"1920\" height=\"1280\" src=\"https:\/\/intlweloveu.org\/wp-content\/uploads\/2025\/10\/thum_the_6th_new_life_family_walkathon_01.jpg\" alt=\"\" class=\"wp-image-29504\" srcset=\"https:\/\/intlweloveu.org\/wp-content\/uploads\/2025\/10\/thum_the_6th_new_life_family_walkathon_01.jpg 1920w, https:\/\/intlweloveu.org\/wp-content\/uploads\/2025\/10\/thum_the_6th_new_life_family_walkathon_01-768x512.jpg 768w, https:\/\/intlweloveu.org\/wp-content\/uploads\/2025\/10\/thum_the_6th_new_life_family_walkathon_01-1536x1024.jpg 1536w, https:\/\/intlweloveu.org\/wp-content\/uploads\/2025\/10\/thum_the_6th_new_life_family_walkathon_01-750x500.jpg 750w\" sizes=\"auto, (max-width: 1920px) 100vw, 1920px\" \/><\/figure>\n<p>El 1 de mayo de 2005, mientras lloviznaba, muchas familias se reunieron en el sendero del monte Namsan, el cual emit\u00eda un dulce olor de lila. Los ni\u00f1os estaban llenos de vitalidad como las hojas verdes, las madres se alegraban como si hubieran salido para una cita despu\u00e9s de mucho tiempo, y los padres cuidaban de su familia. Todos eran los miembros de la Fundaci\u00f3n de Bienestar Nueva Vida, que se reunieron para ayudar a los ni\u00f1os con enfermedades card\u00edacas, bajo el lema: \u201c\u00a1Un paso m\u00e1s, una vida m\u00e1s!\u201d.<\/p>\n<p>La Caminata Familiar Nueva Vida se ha llevado a cabo cada a\u00f1o desde 2002, organizada conjuntamente con la Fundaci\u00f3n de Bienestar Nueva Vida y la fundaci\u00f3n Salven a los Ni\u00f1os de Corea, y esta fue la 6.\u00aa caminata. La Presidenta Zahng Gil-jah transmiti\u00f3 el prop\u00f3sito de la caminata, diciendo: \u201cRealizamos esta caminata para ayudar a los ni\u00f1os que sufren de enfermedades incurables, fortalecer la unidad de las familias globales, y entregar el mensaje de esperanza a nuestro pr\u00f3jimo necesitado, saludando mayo, el Mes de la Familia\u201d. Cerca de cuatro mil personas, incluyendo 3400 miembros de la fundaci\u00f3n asistieron a la 6.\u00aa caminata, la cual fue patrocinada por la Asociaci\u00f3n de Protecci\u00f3n Juvenil, la Ciudad Metropolitana de Se\u00fal, Nestl\u00e9 (Corea) Ltd. y el Hospital General Sejong.<\/p>\n<figure class=\"wp-block-image size-full\"><img loading=\"lazy\" decoding=\"async\" width=\"1170\" height=\"550\" src=\"https:\/\/intlweloveu.org\/wp-content\/uploads\/2025\/10\/thum_the_6th_new_life_family_walkathon_02.jpg\" alt=\"\" class=\"wp-image-29505\" srcset=\"https:\/\/intlweloveu.org\/wp-content\/uploads\/2025\/10\/thum_the_6th_new_life_family_walkathon_02.jpg 1170w, https:\/\/intlweloveu.org\/wp-content\/uploads\/2025\/10\/thum_the_6th_new_life_family_walkathon_02-768x361.jpg 768w, https:\/\/intlweloveu.org\/wp-content\/uploads\/2025\/10\/thum_the_6th_new_life_family_walkathon_02-860x404.jpg 860w\" sizes=\"auto, (max-width: 1170px) 100vw, 1170px\" \/><\/figure>\n<p>Las nubes se despejaron pronto, y los rayos de sol se extendieron a los miembros, que hab\u00edan preparado paraguas e impermeables para asistir a este evento para compartir amor. Tras el discurso de apertura de Yi Bae-keun, Presidente de la fundaci\u00f3n Salven a los Ni\u00f1os de Corea, Cha Jeong-Seop Director General Adjunto de los Asuntos Relacionados a la Infancia y la Juventud de la Asociaci\u00f3n de Protecci\u00f3n Juvenil, entreg\u00f3 un mensaje de felicitaci\u00f3n, deseando que la caminata fuera una fiesta familiar agradable. Lee Soon-jae, Patrocinador Principal de la fundaci\u00f3n, agradeci\u00f3 a los miembros: \u201cLos miembros de la Fundaci\u00f3n de Bienestar Nueva Vida est\u00e1n dispuestos a hacer buenas obras\u201d, y los anim\u00f3 expresando: \u201cEl pron\u00f3stico del clima dec\u00eda que llover\u00eda hoy, pero creo que Dios se conmovi\u00f3 por su coraz\u00f3n sincero y c\u00e1lido\u201d.<\/p>\n<p>La locutora de televisi\u00f3n Park Min-jeong, quien guio la caminata, inform\u00f3 a los participantes que las donaciones recolectadas hab\u00edan sido utilizadas para apoyar a diez ni\u00f1os con enfermedades card\u00edacas durante los \u00faltimos tres a\u00f1os, y present\u00f3 a los ni\u00f1os con enfermedades card\u00edacas que ser\u00edan apoyados en esta caminata. Lee Su-hyang (9 a\u00f1os), operada en enero y quien se recuper\u00f3 de su enfermedad card\u00edaca, ley\u00f3 una carta de agradecimiento y recibi\u00f3 un gran aplauso al decir: \u201cAhora no me siento enferma, aunque corra. Cuando sea grande, ayudar\u00e9 a muchas personas necesitadas\u201d.<\/p>\n<p>Lee Su-hyang, que sufr\u00eda de una enfermedad card\u00edaca desde que ten\u00eda cuatro a\u00f1os de edad, quiere ser enfermera que ayuda a los enfermos. Sus padres quedaron aliviados de mucha angustia despu\u00e9s de que su hija recobrara la salud, y su hermana menor de 7 a\u00f1os de edad, tambi\u00e9n est\u00e1 feliz de jugar a las mu\u00f1ecas con su hermana.<\/p>\n<figure class=\"wp-block-image size-full\"><img loading=\"lazy\" decoding=\"async\" width=\"1170\" height=\"550\" src=\"https:\/\/intlweloveu.org\/wp-content\/uploads\/2025\/10\/thum_the_6th_new_life_family_walkathon_03.jpg\" alt=\"\" class=\"wp-image-29506\" srcset=\"https:\/\/intlweloveu.org\/wp-content\/uploads\/2025\/10\/thum_the_6th_new_life_family_walkathon_03.jpg 1170w, https:\/\/intlweloveu.org\/wp-content\/uploads\/2025\/10\/thum_the_6th_new_life_family_walkathon_03-768x361.jpg 768w, https:\/\/intlweloveu.org\/wp-content\/uploads\/2025\/10\/thum_the_6th_new_life_family_walkathon_03-860x404.jpg 860w\" sizes=\"auto, (max-width: 1170px) 100vw, 1170px\" \/><\/figure>\n<p>En el discurso de \u00e1nimo, la Presidenta Zahng Gil-jah despert\u00f3 el inter\u00e9s de los participantes por los ni\u00f1os con enfermedades incurables, y los exhort\u00f3 a tener un profundo amor al pr\u00f3jimo, recalcando: \u201cMuchas personas est\u00e1n padeciendo por los desastres grandes y peque\u00f1os, tales como terremotos y tsunamis que ocurrieron a fines del a\u00f1o pasado. Consolemos a las v\u00edctimas cuyos lugares quedaron destruidos y llevan una vida dura, y ayudemos a nuestro pr\u00f3jimo que est\u00e1 sufriendo de una \u2018enfermedad incurable del coraz\u00f3n\u2019, sumido en la desesperaci\u00f3n\u201d. Lee Sang-dae, director representante de Salven a los Ni\u00f1os de Corea, manifest\u00f3: \u201cLos adultos debemos hacer todo lo posible para que los ni\u00f1os crezcan seguros y respetados\u201d.<\/p>\n<p>Despu\u00e9s de los mensajes de felicitaci\u00f3n, todos los participantes hicieron un simple ejercicio de estiramiento y comenzaron a caminar con la se\u00f1al de salida de la presidenta. Los ni\u00f1os caminaban alegremente con sus padres y madres. Un padre expres\u00f3: \u201cEstoy feliz de participar en la caminata aunque hoy es un d\u00eda de descanso, porque es \u00fatil para mi salud, para mi pr\u00f3jimo y para mi familia\u201d.<\/p>\n<p>Yang Jong-mi (33 a\u00f1os, Gwangjin-gu, Se\u00fal) que caminaba con su familia, dijo que su familia paseaba despu\u00e9s de mucho tiempo. Su esposo Lee Seong-gil (33 a\u00f1os), que llevaba a cuestas a su hija de 5 a\u00f1os de edad, Ju-yeong, y tomaba la mano a su hijo de 7 a\u00f1os, Gyeong-hun, manifest\u00f3: \u201cPor lo general llego tarde a casa, por lo que no tengo mucho tiempo para estar con mis hijos. Hoy estamos felices de pasar un momento agradable juntos\u201d. Sus hijos tambi\u00e9n se ve\u00edan felices de estar con sus padres.<\/p>\n<figure class=\"wp-block-gallery has-nested-images columns-1 is-cropped wp-block-gallery-1 is-layout-flex wp-block-gallery-is-layout-flex\">\n<figure class=\"wp-block-image size-full\"><img loading=\"lazy\" decoding=\"async\" width=\"1170\" height=\"550\" data-id=\"29507\" src=\"https:\/\/intlweloveu.org\/wp-content\/uploads\/2025\/10\/thum_the_6th_new_life_family_walkathon_04.jpg\" alt=\"\" class=\"wp-image-29507\" srcset=\"https:\/\/intlweloveu.org\/wp-content\/uploads\/2025\/10\/thum_the_6th_new_life_family_walkathon_04.jpg 1170w, https:\/\/intlweloveu.org\/wp-content\/uploads\/2025\/10\/thum_the_6th_new_life_family_walkathon_04-768x361.jpg 768w, https:\/\/intlweloveu.org\/wp-content\/uploads\/2025\/10\/thum_the_6th_new_life_family_walkathon_04-860x404.jpg 860w\" sizes=\"auto, (max-width: 1170px) 100vw, 1170px\" \/><\/figure>\n<figure class=\"wp-block-image size-full\"><img loading=\"lazy\" decoding=\"async\" width=\"1170\" height=\"550\" data-id=\"29508\" src=\"https:\/\/intlweloveu.org\/wp-content\/uploads\/2025\/10\/thum_the_6th_new_life_family_walkathon_05.jpg\" alt=\"\" class=\"wp-image-29508\" srcset=\"https:\/\/intlweloveu.org\/wp-content\/uploads\/2025\/10\/thum_the_6th_new_life_family_walkathon_05.jpg 1170w, https:\/\/intlweloveu.org\/wp-content\/uploads\/2025\/10\/thum_the_6th_new_life_family_walkathon_05-768x361.jpg 768w, https:\/\/intlweloveu.org\/wp-content\/uploads\/2025\/10\/thum_the_6th_new_life_family_walkathon_05-860x404.jpg 860w\" sizes=\"auto, (max-width: 1170px) 100vw, 1170px\" \/><\/figure>\n<\/figure>\n<p>La m\u00fasica en vivo de la banda militar del Comando de Defensa Capital acogi\u00f3 a los participantes en el punto de llegada, la plaza Baek-bum. Despu\u00e9s de terminar la caminata, disfrutaron de su almuerzo con sus familias. Los ni\u00f1os, que pintaron su rostro y sosten\u00edan algodones dulces y globos en sus manos, se tomaban fotograf\u00edas con personajes de caricaturas o jugaban con sus amigos. Era como el D\u00eda del Ni\u00f1o.<\/p>\n<p>Lee Eun-ju (39 a\u00f1os) cuya beb\u00e9, Sang-mi (2 a\u00f1os), recuper\u00f3 la salud despu\u00e9s de someterse a una cirug\u00eda card\u00edaca en abril, dijo que los miembros con sonrisas parec\u00edan \u00e1ngeles. Las familias de los ni\u00f1os con enfermedades card\u00edacas almorzaron junto con los miembros de la fundaci\u00f3n, y afirmaron que ellos tambi\u00e9n ayudar\u00edan a los dem\u00e1s a partir de ahora. Los miembros, como padres, pod\u00edan entender en cierta medida lo doloroso que era ver a sus hijos enfermos y tambi\u00e9n lo felices que estaban cuando sus hijos recuperaban su salud.<\/p>\n<figure class=\"wp-block-gallery has-nested-images columns-1 is-cropped wp-block-gallery-2 is-layout-flex wp-block-gallery-is-layout-flex\">\n<figure class=\"wp-block-image size-full\"><img loading=\"lazy\" decoding=\"async\" width=\"1170\" height=\"550\" data-id=\"29509\" src=\"https:\/\/intlweloveu.org\/wp-content\/uploads\/2025\/10\/thum_the_6th_new_life_family_walkathon_06.jpg\" alt=\"\" class=\"wp-image-29509\" srcset=\"https:\/\/intlweloveu.org\/wp-content\/uploads\/2025\/10\/thum_the_6th_new_life_family_walkathon_06.jpg 1170w, https:\/\/intlweloveu.org\/wp-content\/uploads\/2025\/10\/thum_the_6th_new_life_family_walkathon_06-768x361.jpg 768w, https:\/\/intlweloveu.org\/wp-content\/uploads\/2025\/10\/thum_the_6th_new_life_family_walkathon_06-860x404.jpg 860w\" sizes=\"auto, (max-width: 1170px) 100vw, 1170px\" \/><\/figure>\n<figure class=\"wp-block-image size-full\"><img loading=\"lazy\" decoding=\"async\" width=\"1170\" height=\"550\" data-id=\"29510\" src=\"https:\/\/intlweloveu.org\/wp-content\/uploads\/2025\/10\/thum_the_6th_new_life_family_walkathon_07.jpg\" alt=\"\" class=\"wp-image-29510\" srcset=\"https:\/\/intlweloveu.org\/wp-content\/uploads\/2025\/10\/thum_the_6th_new_life_family_walkathon_07.jpg 1170w, https:\/\/intlweloveu.org\/wp-content\/uploads\/2025\/10\/thum_the_6th_new_life_family_walkathon_07-768x361.jpg 768w, https:\/\/intlweloveu.org\/wp-content\/uploads\/2025\/10\/thum_the_6th_new_life_family_walkathon_07-860x404.jpg 860w\" sizes=\"auto, (max-width: 1170px) 100vw, 1170px\" \/><\/figure>\n<\/figure>\n<p>Lee Yeon-sun (31 a\u00f1os, Jung-gu, Se\u00fal), que particip\u00f3 en la caminata con su esposo y su beb\u00e9 de 18 meses en un coche de ni\u00f1o, dijo que asist\u00eda a la caminata desde el a\u00f1o pasado para ayudar a los ni\u00f1os que sufren de enfermedades. Declar\u00f3 que lleg\u00f3 a comprender la angustia de los padres con hijos enfermos despu\u00e9s de dar a luz. Cuando la o\u00edmos decir: \u201cMe preocupo mucho cuando mi beb\u00e9 se pone mal. Entonces, \u00bfcu\u00e1nto m\u00e1s doloroso ser\u00e1 para estos padres?\u201d, recordamos las palabras de la presidenta: \u201cSi mi familia es preciosa, tambi\u00e9n lo son las familias de los dem\u00e1s\u201d.<\/p>\n<p>Si nuestro amor se extiende desde \u201cmi familia\u201d hasta \u201cnuestro pr\u00f3jimo\u201d, el mundo ser\u00e1 m\u00e1s brillante. Junto con los pasos que los miembros realizan con sus familias y pr\u00f3jimo, el n\u00famero de ni\u00f1os sanos y familias felices se incrementar\u00e1 en todo el mundo.<\/p>\n","protected":false},"excerpt":{"rendered":"El 1 de mayo de 2005, mientras lloviznaba, muchas familias se reunieron en el sendero del monte Namsan, el cual emit\u00eda un dulce olor de lila. Los ni\u00f1os estaban llenos de vitalidad como las hojas verdes, las madres se alegraban como si hubieran salido para una cita despu\u00e9s de mucho tiempo, y los padres cuidaban&#8230;","protected":false},"author":9,"featured_media":52932,"comment_status":"closed","ping_status":"closed","sticky":false,"template":"","format":"standard","meta":{"footnotes":""},"categories":[90,55,73,110],"tags":[],"class_list":["post-29514","post","type-post","status-publish","format-standard","has-post-thumbnail","hentry","category-family-walkathon","category-sdgs","category-campaign-news","category-sdgs-peace"],"yoast_head":"<!-- This site is optimized with the Yoast SEO plugin v26.8 - https:\/\/yoast.com\/product\/yoast-seo-wordpress\/ -->\n<title>6.\u00aa Caminata Familiar Nueva Vida - Fundaci\u00f3n Internacional WeLoveU<\/title>\n<meta name=\"robots\" content=\"index, follow, max-snippet:-1, max-image-preview:large, max-video-preview:-1\" \/>\n<link rel=\"canonical\" href=\"https:\/\/intlweloveu.org\/es\/the-6th-new-life-family-walkathon\/\" \/>\n<meta property=\"og:locale\" content=\"es_ES\" \/>\n<meta property=\"og:type\" content=\"article\" \/>\n<meta property=\"og:title\" content=\"6.\u00aa Caminata Familiar Nueva Vida - Fundaci\u00f3n Internacional WeLoveU\" \/>\n<meta property=\"og:description\" content=\"El 1 de mayo de 2005, mientras lloviznaba, muchas familias se reunieron en el sendero del monte Namsan, el cual emit\u00eda un dulce olor de lila. Los ni\u00f1os estaban llenos de vitalidad como las hojas verdes, las madres se alegraban como si hubieran salido para una cita despu\u00e9s de mucho tiempo, y los padres cuidaban...\" \/>\n<meta property=\"og:url\" content=\"https:\/\/intlweloveu.org\/es\/the-6th-new-life-family-walkathon\/\" \/>\n<meta property=\"og:site_name\" content=\"Fundaci\u00f3n Internacional WeLoveU\" \/>\n<meta property=\"article:published_time\" content=\"2005-05-01T07:00:00+00:00\" \/>\n<meta property=\"article:modified_time\" content=\"2026-01-23T05:04:46+00:00\" \/>\n<meta property=\"og:image\" content=\"https:\/\/intlweloveu.org\/wp-content\/uploads\/2025\/10\/thum_the_6th_new_life_family_walkathon_01.jpg\" \/>\n\t<meta property=\"og:image:width\" content=\"1920\" \/>\n\t<meta property=\"og:image:height\" content=\"1280\" \/>\n\t<meta property=\"og:image:type\" content=\"image\/jpeg\" \/>\n<meta name=\"author\" content=\"\uc548 \uc9c0\uc601\" \/>\n<meta name=\"twitter:card\" content=\"summary_large_image\" \/>\n<meta name=\"twitter:label1\" content=\"Escrito por\" \/>\n\t<meta name=\"twitter:data1\" content=\"\uc548 \uc9c0\uc601\" \/>\n\t<meta name=\"twitter:label2\" content=\"Tiempo de lectura\" \/>\n\t<meta name=\"twitter:data2\" content=\"8 minutos\" \/>\n<script type=\"application\/ld+json\" class=\"yoast-schema-graph\">{\"@context\":\"https:\/\/schema.org\",\"@graph\":[{\"@type\":\"Article\",\"@id\":\"https:\/\/intlweloveu.org\/es\/the-6th-new-life-family-walkathon\/#article\",\"isPartOf\":{\"@id\":\"https:\/\/intlweloveu.org\/es\/the-6th-new-life-family-walkathon\/\"},\"author\":{\"name\":\"\uc548 \uc9c0\uc601\",\"@id\":\"https:\/\/intlweloveu.org\/#\/schema\/person\/1a1e923e29d2067adcfb1c90e5f0c607\"},\"headline\":\"6.\u00aa Caminata Familiar Nueva Vida\",\"datePublished\":\"2005-05-01T07:00:00+00:00\",\"dateModified\":\"2026-01-23T05:04:46+00:00\",\"mainEntityOfPage\":{\"@id\":\"https:\/\/intlweloveu.org\/es\/the-6th-new-life-family-walkathon\/\"},\"wordCount\":1168,\"image\":{\"@id\":\"https:\/\/intlweloveu.org\/es\/the-6th-new-life-family-walkathon\/#primaryimage\"},\"thumbnailUrl\":\"https:\/\/intlweloveu.org\/wp-content\/uploads\/2025\/10\/thum_the_6th_new_life_family_walkathon_01.jpg\",\"articleSection\":[\"Caminata\",\"Con los ODS\",\"Noticias de campa\u00f1a\",\"Paz, justicia e instituciones s\u00f3lidas\"],\"inLanguage\":\"es\"},{\"@type\":\"WebPage\",\"@id\":\"https:\/\/intlweloveu.org\/es\/the-6th-new-life-family-walkathon\/\",\"url\":\"https:\/\/intlweloveu.org\/es\/the-6th-new-life-family-walkathon\/\",\"name\":\"6.\u00aa Caminata Familiar Nueva Vida - Fundaci\u00f3n Internacional WeLoveU\",\"isPartOf\":{\"@id\":\"https:\/\/intlweloveu.org\/#website\"},\"primaryImageOfPage\":{\"@id\":\"https:\/\/intlweloveu.org\/es\/the-6th-new-life-family-walkathon\/#primaryimage\"},\"image\":{\"@id\":\"https:\/\/intlweloveu.org\/es\/the-6th-new-life-family-walkathon\/#primaryimage\"},\"thumbnailUrl\":\"https:\/\/intlweloveu.org\/wp-content\/uploads\/2025\/10\/thum_the_6th_new_life_family_walkathon_01.jpg\",\"datePublished\":\"2005-05-01T07:00:00+00:00\",\"dateModified\":\"2026-01-23T05:04:46+00:00\",\"author\":{\"@id\":\"https:\/\/intlweloveu.org\/#\/schema\/person\/1a1e923e29d2067adcfb1c90e5f0c607\"},\"breadcrumb\":{\"@id\":\"https:\/\/intlweloveu.org\/es\/the-6th-new-life-family-walkathon\/#breadcrumb\"},\"inLanguage\":\"es\",\"potentialAction\":[{\"@type\":\"ReadAction\",\"target\":[\"https:\/\/intlweloveu.org\/es\/the-6th-new-life-family-walkathon\/\"]}]},{\"@type\":\"ImageObject\",\"inLanguage\":\"es\",\"@id\":\"https:\/\/intlweloveu.org\/es\/the-6th-new-life-family-walkathon\/#primaryimage\",\"url\":\"https:\/\/intlweloveu.org\/wp-content\/uploads\/2025\/10\/thum_the_6th_new_life_family_walkathon_01.jpg\",\"contentUrl\":\"https:\/\/intlweloveu.org\/wp-content\/uploads\/2025\/10\/thum_the_6th_new_life_family_walkathon_01.jpg\",\"width\":1920,\"height\":1280},{\"@type\":\"BreadcrumbList\",\"@id\":\"https:\/\/intlweloveu.org\/es\/the-6th-new-life-family-walkathon\/#breadcrumb\",\"itemListElement\":[{\"@type\":\"ListItem\",\"position\":1,\"name\":\"\ud648\",\"item\":\"https:\/\/intlweloveu.org\/es\/\"},{\"@type\":\"ListItem\",\"position\":2,\"name\":\"6.\u00aa Caminata Familiar Nueva Vida\"}]},{\"@type\":\"WebSite\",\"@id\":\"https:\/\/intlweloveu.org\/#website\",\"url\":\"https:\/\/intlweloveu.org\/\",\"name\":\"The Intl. WeLoveU Foundation\",\"description\":\"El Amor de la Madre al Mundo Entero\",\"alternateName\":\"\uad6d\uc81c\uc704\ub7ec\ube0c\uc720\uc6b4\ub3d9\ubcf8\ubd80\",\"potentialAction\":[{\"@type\":\"SearchAction\",\"target\":{\"@type\":\"EntryPoint\",\"urlTemplate\":\"https:\/\/intlweloveu.org\/?s={search_term_string}\"},\"query-input\":{\"@type\":\"PropertyValueSpecification\",\"valueRequired\":true,\"valueName\":\"search_term_string\"}}],\"inLanguage\":\"es\"},{\"@type\":\"Person\",\"@id\":\"https:\/\/intlweloveu.org\/#\/schema\/person\/1a1e923e29d2067adcfb1c90e5f0c607\",\"name\":\"\uc548 \uc9c0\uc601\"}]}<\/script>\n<!-- \/ Yoast SEO plugin. -->","yoast_head_json":{"title":"6.\u00aa Caminata Familiar Nueva Vida - Fundaci\u00f3n Internacional WeLoveU","robots":{"index":"index","follow":"follow","max-snippet":"max-snippet:-1","max-image-preview":"max-image-preview:large","max-video-preview":"max-video-preview:-1"},"canonical":"https:\/\/intlweloveu.org\/es\/the-6th-new-life-family-walkathon\/","og_locale":"es_ES","og_type":"article","og_title":"6.\u00aa Caminata Familiar Nueva Vida - Fundaci\u00f3n Internacional WeLoveU","og_description":"El 1 de mayo de 2005, mientras lloviznaba, muchas familias se reunieron en el sendero del monte Namsan, el cual emit\u00eda un dulce olor de lila. Los ni\u00f1os estaban llenos de vitalidad como las hojas verdes, las madres se alegraban como si hubieran salido para una cita despu\u00e9s de mucho tiempo, y los padres cuidaban...","og_url":"https:\/\/intlweloveu.org\/es\/the-6th-new-life-family-walkathon\/","og_site_name":"Fundaci\u00f3n Internacional WeLoveU","article_published_time":"2005-05-01T07:00:00+00:00","article_modified_time":"2026-01-23T05:04:46+00:00","og_image":[{"width":1920,"height":1280,"url":"https:\/\/intlweloveu.org\/wp-content\/uploads\/2025\/10\/thum_the_6th_new_life_family_walkathon_01.jpg","type":"image\/jpeg"}],"author":"\uc548 \uc9c0\uc601","twitter_card":"summary_large_image","twitter_misc":{"Escrito por":"\uc548 \uc9c0\uc601","Tiempo de lectura":"8 minutos"},"schema":{"@context":"https:\/\/schema.org","@graph":[{"@type":"Article","@id":"https:\/\/intlweloveu.org\/es\/the-6th-new-life-family-walkathon\/#article","isPartOf":{"@id":"https:\/\/intlweloveu.org\/es\/the-6th-new-life-family-walkathon\/"},"author":{"name":"\uc548 \uc9c0\uc601","@id":"https:\/\/intlweloveu.org\/#\/schema\/person\/1a1e923e29d2067adcfb1c90e5f0c607"},"headline":"6.\u00aa Caminata Familiar Nueva Vida","datePublished":"2005-05-01T07:00:00+00:00","dateModified":"2026-01-23T05:04:46+00:00","mainEntityOfPage":{"@id":"https:\/\/intlweloveu.org\/es\/the-6th-new-life-family-walkathon\/"},"wordCount":1168,"image":{"@id":"https:\/\/intlweloveu.org\/es\/the-6th-new-life-family-walkathon\/#primaryimage"},"thumbnailUrl":"https:\/\/intlweloveu.org\/wp-content\/uploads\/2025\/10\/thum_the_6th_new_life_family_walkathon_01.jpg","articleSection":["Caminata","Con los ODS","Noticias de campa\u00f1a","Paz, justicia e instituciones s\u00f3lidas"],"inLanguage":"es"},{"@type":"WebPage","@id":"https:\/\/intlweloveu.org\/es\/the-6th-new-life-family-walkathon\/","url":"https:\/\/intlweloveu.org\/es\/the-6th-new-life-family-walkathon\/","name":"6.\u00aa Caminata Familiar Nueva Vida - Fundaci\u00f3n Internacional WeLoveU","isPartOf":{"@id":"https:\/\/intlweloveu.org\/#website"},"primaryImageOfPage":{"@id":"https:\/\/intlweloveu.org\/es\/the-6th-new-life-family-walkathon\/#primaryimage"},"image":{"@id":"https:\/\/intlweloveu.org\/es\/the-6th-new-life-family-walkathon\/#primaryimage"},"thumbnailUrl":"https:\/\/intlweloveu.org\/wp-content\/uploads\/2025\/10\/thum_the_6th_new_life_family_walkathon_01.jpg","datePublished":"2005-05-01T07:00:00+00:00","dateModified":"2026-01-23T05:04:46+00:00","author":{"@id":"https:\/\/intlweloveu.org\/#\/schema\/person\/1a1e923e29d2067adcfb1c90e5f0c607"},"breadcrumb":{"@id":"https:\/\/intlweloveu.org\/es\/the-6th-new-life-family-walkathon\/#breadcrumb"},"inLanguage":"es","potentialAction":[{"@type":"ReadAction","target":["https:\/\/intlweloveu.org\/es\/the-6th-new-life-family-walkathon\/"]}]},{"@type":"ImageObject","inLanguage":"es","@id":"https:\/\/intlweloveu.org\/es\/the-6th-new-life-family-walkathon\/#primaryimage","url":"https:\/\/intlweloveu.org\/wp-content\/uploads\/2025\/10\/thum_the_6th_new_life_family_walkathon_01.jpg","contentUrl":"https:\/\/intlweloveu.org\/wp-content\/uploads\/2025\/10\/thum_the_6th_new_life_family_walkathon_01.jpg","width":1920,"height":1280},{"@type":"BreadcrumbList","@id":"https:\/\/intlweloveu.org\/es\/the-6th-new-life-family-walkathon\/#breadcrumb","itemListElement":[{"@type":"ListItem","position":1,"name":"\ud648","item":"https:\/\/intlweloveu.org\/es\/"},{"@type":"ListItem","position":2,"name":"6.\u00aa Caminata Familiar Nueva Vida"}]},{"@type":"WebSite","@id":"https:\/\/intlweloveu.org\/#website","url":"https:\/\/intlweloveu.org\/","name":"The Intl. WeLoveU Foundation","description":"El Amor de la Madre al Mundo Entero","alternateName":"\uad6d\uc81c\uc704\ub7ec\ube0c\uc720\uc6b4\ub3d9\ubcf8\ubd80","potentialAction":[{"@type":"SearchAction","target":{"@type":"EntryPoint","urlTemplate":"https:\/\/intlweloveu.org\/?s={search_term_string}"},"query-input":{"@type":"PropertyValueSpecification","valueRequired":true,"valueName":"search_term_string"}}],"inLanguage":"es"},{"@type":"Person","@id":"https:\/\/intlweloveu.org\/#\/schema\/person\/1a1e923e29d2067adcfb1c90e5f0c607","name":"\uc548 \uc9c0\uc601"}]}},"_links":{"self":[{"href":"https:\/\/intlweloveu.org\/es\/wp-json\/wp\/v2\/posts\/29514","targetHints":{"allow":["GET"]}}],"collection":[{"href":"https:\/\/intlweloveu.org\/es\/wp-json\/wp\/v2\/posts"}],"about":[{"href":"https:\/\/intlweloveu.org\/es\/wp-json\/wp\/v2\/types\/post"}],"author":[{"embeddable":true,"href":"https:\/\/intlweloveu.org\/es\/wp-json\/wp\/v2\/users\/9"}],"replies":[{"embeddable":true,"href":"https:\/\/intlweloveu.org\/es\/wp-json\/wp\/v2\/comments?post=29514"}],"version-history":[{"count":1,"href":"https:\/\/intlweloveu.org\/es\/wp-json\/wp\/v2\/posts\/29514\/revisions"}],"predecessor-version":[{"id":29529,"href":"https:\/\/intlweloveu.org\/es\/wp-json\/wp\/v2\/posts\/29514\/revisions\/29529"}],"wp:featuredmedia":[{"embeddable":true,"href":"https:\/\/intlweloveu.org\/es\/wp-json\/wp\/v2\/media\/52932"}],"wp:attachment":[{"href":"https:\/\/intlweloveu.org\/es\/wp-json\/wp\/v2\/media?parent=29514"}],"wp:term":[{"taxonomy":"category","embeddable":true,"href":"https:\/\/intlweloveu.org\/es\/wp-json\/wp\/v2\/categories?post=29514"},{"taxonomy":"post_tag","embeddable":true,"href":"https:\/\/intlweloveu.org\/es\/wp-json\/wp\/v2\/tags?post=29514"}],"curies":[{"name":"wp","href":"https:\/\/api.w.org\/{rel}","templated":true}]}}