{"id":29351,"date":"2006-04-23T07:00:00","date_gmt":"2006-04-23T07:00:00","guid":{"rendered":"https:\/\/intlweloveu.org\/the-8th-new-life-family-walkathon\/"},"modified":"2026-01-23T08:44:50","modified_gmt":"2026-01-23T08:44:50","slug":"the-8th-new-life-family-walkathon","status":"publish","type":"post","link":"https:\/\/intlweloveu.org\/es\/the-8th-new-life-family-walkathon\/","title":{"rendered":"8.\u00aa Caminata Familiar Nueva Vida"},"content":{"rendered":"<figure class=\"wp-block-image size-full\"><img loading=\"lazy\" decoding=\"async\" width=\"1920\" height=\"1275\" src=\"https:\/\/intlweloveu.org\/wp-content\/uploads\/2025\/10\/thum_the_8th_new_life_family_walkathon_01.jpg\" alt=\"\" class=\"wp-image-29331\" srcset=\"https:\/\/intlweloveu.org\/wp-content\/uploads\/2025\/10\/thum_the_8th_new_life_family_walkathon_01.jpg 1920w, https:\/\/intlweloveu.org\/wp-content\/uploads\/2025\/10\/thum_the_8th_new_life_family_walkathon_01-768x510.jpg 768w, https:\/\/intlweloveu.org\/wp-content\/uploads\/2025\/10\/thum_the_8th_new_life_family_walkathon_01-1536x1020.jpg 1536w, https:\/\/intlweloveu.org\/wp-content\/uploads\/2025\/10\/thum_the_8th_new_life_family_walkathon_01-753x500.jpg 753w\" sizes=\"auto, (max-width: 1920px) 100vw, 1920px\" \/><\/figure>\n<p>El domingo 23 de abril de 2006, flores m\u00e1s bellas que las forsitias y el cerezo en primavera, estaban en plena floraci\u00f3n en el camino del Parque Namsan. Eran las flores de la brillante sonrisa de los miembros de la Fundaci\u00f3n de Bienestar Nueva Vida, que asistieron a la 8.\u00aa Caminata Familiar Nueva Vida. Sus alegres sonrisas hablaban en nombre del lema de la caminata: \u201cUna sonrisa crea un milagro\u201d.<\/p>\n<figure class=\"wp-block-image size-full limit\"><img loading=\"lazy\" decoding=\"async\" width=\"600\" height=\"402\" src=\"https:\/\/intlweloveu.org\/wp-content\/uploads\/2025\/10\/thum_the_8th_new_life_family_walkathon_02.jpg\" alt=\"\" class=\"wp-image-29332\"\/><\/figure>\n<p>La Fundaci\u00f3n de Bienestar Nueva Vida llev\u00f3 a cabo la 8.\u00aa Caminata Familiar Nueva Vida para entregar nueva vida y esperanza a los ni\u00f1os que sufren de enfermedades card\u00edacas, enfermedades raras e incurables. Puesto que la sociedad se ha industrializado, la gente pierde su sonrisa gradualmente. Por esa raz\u00f3n, la caminata fue planificada como un festival de los ciudadanos para que recobren su sonrisa y creen una familia m\u00e1s feliz y una mejor sociedad. Fue patrocinada por el Ministerio de Salud y Bienestar Social, la Asociaci\u00f3n de Protecci\u00f3n de Menores, y la Red de la Asociaci\u00f3n Coreana para la Prevenci\u00f3n del Abuso Infantil (KAPCAN). M\u00e1s de diez mil miembros participaron incluyendo unas 70 familias con hijos gemelos. Figuras de diversos sectores sociales tambi\u00e9n concurrieron a este evento: Lee Myeong-bak, alcalde de la Ciudad Metropolitana de Se\u00fal; Choi Yeong-hee, jefe de la Asociaci\u00f3n de Protecci\u00f3n de Menores; Yi Bae-keun, Director del Instituto de Orientaci\u00f3n Juvenil de la Rep\u00fablica de Corea; Yang Gyeong-ja, presidenta del Consejo de Bienestar Social de Se\u00fal; Kim No-bo, presidente de \u201cSalven a los Ni\u00f1os de Corea; Lee Soon-jae, Patrocinador Principal de la Fundaci\u00f3n de Bienestar Nueva Vida, etc.<\/p>\n<figure class=\"wp-block-image size-full limit\"><img loading=\"lazy\" decoding=\"async\" width=\"389\" height=\"218\" src=\"https:\/\/intlweloveu.org\/wp-content\/uploads\/2025\/10\/thum_the_8th_new_life_family_walkathon_03.jpg\" alt=\"\" class=\"wp-image-29333\"\/><\/figure>\n<p>En la ceremonia de inauguraci\u00f3n, la Presidenta Zahng Gil-jah agradeci\u00f3 a los invitados, miembros y patrocinadores, y explic\u00f3 el prop\u00f3sito de esta caminata: \u201cHoy, nos hemos reunido para hacer sonre\u00edr a nuestro pr\u00f3jimo cuyos rostros est\u00e1n nublados de ansiedad y dolor, para que est\u00e9n llenos de vida como la primavera\u201d. Adem\u00e1s anim\u00f3 a los beneficiarios, manifestando: \u201cLa mano consoladora llena de amor y sacrificio de una madre tiene un poder milagroso para curar todas las enfermedades y dolores. Con el coraz\u00f3n y la mano de una madre, haremos el milagro m\u00e1s hermoso del mundo, consolando a nuestro pr\u00f3jimo sumido en el dolor y ayud\u00e1ndolos a curar sus enfermedades\u201d.<\/p>\n<p>Tras el mensaje de felicitaci\u00f3n del Patrocinador Principal de la fundaci\u00f3n, Lee Soon-jae, los invitados pronunciaron sus discursos de \u00e1nimo. Lee Myeong-bak, alcalde de la Ciudad Metropolitana de Se\u00fal, expres\u00f3: \u201cMe complace ver sus alegres sonrisas. Estoy seguro de que hoy su caminata har\u00e1 un milagro para salvar vidas y alegrar la sociedad\u201d. Choi Yeong-hee, jefe de la Asociaci\u00f3n de Protecci\u00f3n de Menores, qued\u00f3 maravillada al ver cerca de setenta familias de ni\u00f1os gemelos asistiendo a la caminata en la \u00e9poca con una baja tasa de natalidad. Ella declar\u00f3: \u201cEs m\u00e1s importante criar bien a los hijos que simplemente animar el alumbramiento. Es por eso que el evento de hoy, que se lleva a cabo para ayudar a los ni\u00f1os que sufren de enfermedades y pobreza, es muy significativo.<\/p>\n<figure class=\"wp-block-image size-full limit\"><img loading=\"lazy\" decoding=\"async\" width=\"600\" height=\"218\" src=\"https:\/\/intlweloveu.org\/wp-content\/uploads\/2025\/10\/thum_the_8th_new_life_family_walkathon_04.jpg\" alt=\"\" class=\"wp-image-29334\"\/><\/figure>\n<p>Despu\u00e9s de un simple ejercicio de estiramiento, se inici\u00f3 la caminata con la se\u00f1al de salida de la Presidenta de la fundaci\u00f3n. Los miembros recorrieron el camino por donde ca\u00edan abundantes p\u00e9talos de flor de cerezo y conversaban con sus familiares. De acuerdo con los eventos preparados a lo largo del trayecto, como montando sobre los hombros de los padres, etc., los ni\u00f1os se divirtieron como si hubiera sido el D\u00eda del Ni\u00f1o.<\/p>\n<p>La miembro Kim Yun-hui (36 a\u00f1os) dijo: \u201cEsta es mi segunda caminata. He venido aqu\u00ed para ayudar en algo a los ni\u00f1os enfermos, pero en realidad he recibido m\u00e1s. Estoy muy contenta y emocionada\u201d. Se\u00f1alando a su esposo con su hijo a cuestas, a\u00f1adi\u00f3: \u201cEl a\u00f1o pasado, mi esposo me sigui\u00f3, pero este a\u00f1o, \u00e9l primero me sugiri\u00f3 venir\u201d. Como dijo una miembro de la fundaci\u00f3n, que recibi\u00f3 m\u00e1s gozo cuando trat\u00f3 de darlo a su pr\u00f3jimo, todos los rostros de los miembros rebosaban de alegr\u00eda.<\/p>\n<figure class=\"wp-block-image size-full limit\"><img loading=\"lazy\" decoding=\"async\" width=\"600\" height=\"218\" src=\"https:\/\/intlweloveu.org\/wp-content\/uploads\/2025\/10\/thum_the_8th_new_life_family_walkathon_05.jpg\" alt=\"\" class=\"wp-image-29335\"\/><\/figure>\n<p>En esta caminata tambi\u00e9n participaron los ni\u00f1os que han recuperado su salud gracias al amor y a la preocupaci\u00f3n de los miembros. Koh Gyeong-hui caminaba con su hijo, Jae-yeong (14 a\u00f1os), que super\u00f3 su extra\u00f1a enfermedad. \u00c9l manifest\u00f3: \u201cEl mundo entero parec\u00eda estar ennegrecido cuando mi hijo se enferm\u00f3, pero ahora se ve brillante y mi hogar rebosa de risas alegres\u201d. Lee Geum-suk, madre de Jae-yeong, tambi\u00e9n dijo: \u201cMi hijo r\u00ede mucho despu\u00e9s de recuperarse de su enfermedad. Se ha vuelto m\u00e1s amigable con los dem\u00e1s y est\u00e1 lleno de confianza\u201d. Seung-jun (5 a\u00f1os), Sae-eun (9 a\u00f1os), Hye-yeong (9 a\u00f1os) y Mu-seong (11 a\u00f1os) tambi\u00e9n han superado sus enfermedades y caminaban con sus padres con brillantes sonrisas. Todos ellos agradecieron a la Presidenta de la fundaci\u00f3n y a sus miembros que los ayudaron a recuperar la salud.<\/p>\n<p>En la Plaza Baek-bum, que era el destino final, la m\u00fasica animada de la banda, compuesta por las bandas del ej\u00e9rcito de los Estados Unidos y de la Fundaci\u00f3n de Bienestar Nueva Vida, saludaron a los participantes. Los universitarios voluntarios, que pertenec\u00edan a la fundaci\u00f3n, prepararon diez eventos; en una cabina llamada \u201cMensaje de esperanza\u201d, los miembros transmitieron esperanza a los ni\u00f1os que sufren de enfermedades con palabras como \u201cNo te rindas aunque est\u00e9s enfermo. \u00a1\u00c1nimo!\u201d; en la cabina llamada \u201cMensajero del clavel\u201d, los ni\u00f1os escrib\u00edan palabras de agradecimiento a sus padres en una cinta y se las entregaban con un clavel; en una cabina llamada \u201cArte con globos\u201d, los universitarios voluntarios elaboraron sombreros, flores y bastones con globos para los ni\u00f1os; en una cabina de \u201cJuegos antiguos\u201d, los participantes adultos recordaron su infancia, jugando el juego de la palmada, y comiendo galletas azucaradas que disfrutaban cuando eran j\u00f3venes. Todas las familias pasaron un buen momento.<\/p>\n<figure class=\"wp-block-image size-full limit\"><img loading=\"lazy\" decoding=\"async\" width=\"600\" height=\"218\" src=\"https:\/\/intlweloveu.org\/wp-content\/uploads\/2025\/10\/thum_the_8th_new_life_family_walkathon_06.jpg\" alt=\"\" class=\"wp-image-29336\"\/><\/figure>\n<p>Durante toda la caminata, bellos p\u00e9talos ca\u00edan como lluvia. Cuando termin\u00f3 el recorrido y los participantes disfrutaban de un buen momento con sus familiares, empez\u00f3 a llover de verdad. Los miembros tuvieron que regresar a sus casas, no obstante sus sonrisas durante todo el evento crearon otro milagro: 27 ni\u00f1os (7 ni\u00f1os con enfermedades card\u00edacas, 7 con enfermedades raras y 13 con enfermedades incurables) sonre\u00edan y se alegraban juntos con los gastos m\u00e9dicos.<\/p>\n<figure class=\"wp-block-gallery has-nested-images columns-1 is-cropped wp-block-gallery-1 is-layout-flex wp-block-gallery-is-layout-flex\">\n<figure class=\"wp-block-image size-large\"><img loading=\"lazy\" decoding=\"async\" width=\"1920\" height=\"1280\" data-id=\"29337\" src=\"https:\/\/intlweloveu.org\/wp-content\/uploads\/2025\/10\/thum_the_8th_new_life_family_walkathon_07.jpg\" alt=\"\" class=\"wp-image-29337\" srcset=\"https:\/\/intlweloveu.org\/wp-content\/uploads\/2025\/10\/thum_the_8th_new_life_family_walkathon_07.jpg 1920w, https:\/\/intlweloveu.org\/wp-content\/uploads\/2025\/10\/thum_the_8th_new_life_family_walkathon_07-768x512.jpg 768w, https:\/\/intlweloveu.org\/wp-content\/uploads\/2025\/10\/thum_the_8th_new_life_family_walkathon_07-1536x1024.jpg 1536w, https:\/\/intlweloveu.org\/wp-content\/uploads\/2025\/10\/thum_the_8th_new_life_family_walkathon_07-750x500.jpg 750w\" sizes=\"auto, (max-width: 1920px) 100vw, 1920px\" \/><\/figure>\n<figure class=\"wp-block-image size-full\"><img loading=\"lazy\" decoding=\"async\" width=\"1920\" height=\"1280\" data-id=\"29338\" src=\"https:\/\/intlweloveu.org\/wp-content\/uploads\/2025\/10\/thum_the_8th_new_life_family_walkathon_08.jpg\" alt=\"\" class=\"wp-image-29338\" srcset=\"https:\/\/intlweloveu.org\/wp-content\/uploads\/2025\/10\/thum_the_8th_new_life_family_walkathon_08.jpg 1920w, https:\/\/intlweloveu.org\/wp-content\/uploads\/2025\/10\/thum_the_8th_new_life_family_walkathon_08-768x512.jpg 768w, https:\/\/intlweloveu.org\/wp-content\/uploads\/2025\/10\/thum_the_8th_new_life_family_walkathon_08-1536x1024.jpg 1536w, https:\/\/intlweloveu.org\/wp-content\/uploads\/2025\/10\/thum_the_8th_new_life_family_walkathon_08-750x500.jpg 750w\" sizes=\"auto, (max-width: 1920px) 100vw, 1920px\" \/><\/figure>\n<figure class=\"wp-block-image size-full\"><img loading=\"lazy\" decoding=\"async\" width=\"1920\" height=\"1280\" data-id=\"29339\" src=\"https:\/\/intlweloveu.org\/wp-content\/uploads\/2025\/10\/thum_the_8th_new_life_family_walkathon_09.jpg\" alt=\"\" class=\"wp-image-29339\" srcset=\"https:\/\/intlweloveu.org\/wp-content\/uploads\/2025\/10\/thum_the_8th_new_life_family_walkathon_09.jpg 1920w, https:\/\/intlweloveu.org\/wp-content\/uploads\/2025\/10\/thum_the_8th_new_life_family_walkathon_09-768x512.jpg 768w, https:\/\/intlweloveu.org\/wp-content\/uploads\/2025\/10\/thum_the_8th_new_life_family_walkathon_09-1536x1024.jpg 1536w, https:\/\/intlweloveu.org\/wp-content\/uploads\/2025\/10\/thum_the_8th_new_life_family_walkathon_09-750x500.jpg 750w\" sizes=\"auto, (max-width: 1920px) 100vw, 1920px\" \/><\/figure>\n<\/figure>\n","protected":false},"excerpt":{"rendered":"El domingo 23 de abril de 2006, flores m\u00e1s bellas que las forsitias y el cerezo en primavera, estaban en plena floraci\u00f3n en el camino del Parque Namsan. Eran las flores de la brillante sonrisa de los miembros de la Fundaci\u00f3n de Bienestar Nueva Vida, que asistieron a la 8.\u00aa Caminata Familiar Nueva Vida. Sus&#8230;","protected":false},"author":9,"featured_media":52960,"comment_status":"closed","ping_status":"closed","sticky":false,"template":"","format":"standard","meta":{"footnotes":""},"categories":[90,55,73,110],"tags":[],"class_list":["post-29351","post","type-post","status-publish","format-standard","has-post-thumbnail","hentry","category-family-walkathon","category-sdgs","category-campaign-news","category-sdgs-peace"],"yoast_head":"<!-- This site is optimized with the Yoast SEO plugin v26.8 - https:\/\/yoast.com\/product\/yoast-seo-wordpress\/ -->\n<title>8.\u00aa Caminata Familiar Nueva Vida - Fundaci\u00f3n Internacional WeLoveU<\/title>\n<meta name=\"robots\" content=\"index, follow, max-snippet:-1, max-image-preview:large, max-video-preview:-1\" \/>\n<link rel=\"canonical\" href=\"https:\/\/intlweloveu.org\/es\/the-8th-new-life-family-walkathon\/\" \/>\n<meta property=\"og:locale\" content=\"es_ES\" \/>\n<meta property=\"og:type\" content=\"article\" \/>\n<meta property=\"og:title\" content=\"8.\u00aa Caminata Familiar Nueva Vida - Fundaci\u00f3n Internacional WeLoveU\" \/>\n<meta property=\"og:description\" content=\"El domingo 23 de abril de 2006, flores m\u00e1s bellas que las forsitias y el cerezo en primavera, estaban en plena floraci\u00f3n en el camino del Parque Namsan. Eran las flores de la brillante sonrisa de los miembros de la Fundaci\u00f3n de Bienestar Nueva Vida, que asistieron a la 8.\u00aa Caminata Familiar Nueva Vida. Sus...\" \/>\n<meta property=\"og:url\" content=\"https:\/\/intlweloveu.org\/es\/the-8th-new-life-family-walkathon\/\" \/>\n<meta property=\"og:site_name\" content=\"Fundaci\u00f3n Internacional WeLoveU\" \/>\n<meta property=\"article:published_time\" content=\"2006-04-23T07:00:00+00:00\" \/>\n<meta property=\"article:modified_time\" content=\"2026-01-23T08:44:50+00:00\" \/>\n<meta property=\"og:image\" content=\"https:\/\/intlweloveu.org\/wp-content\/uploads\/2025\/10\/thum_the_8th_new_life_family_walkathon_01.jpg\" \/>\n\t<meta property=\"og:image:width\" content=\"1920\" \/>\n\t<meta property=\"og:image:height\" content=\"1275\" \/>\n\t<meta property=\"og:image:type\" content=\"image\/jpeg\" \/>\n<meta name=\"author\" content=\"\uc548 \uc9c0\uc601\" \/>\n<meta name=\"twitter:card\" content=\"summary_large_image\" \/>\n<meta name=\"twitter:label1\" content=\"Escrito por\" \/>\n\t<meta name=\"twitter:data1\" content=\"\uc548 \uc9c0\uc601\" \/>\n\t<meta name=\"twitter:label2\" content=\"Tiempo de lectura\" \/>\n\t<meta name=\"twitter:data2\" content=\"8 minutos\" \/>\n<script type=\"application\/ld+json\" class=\"yoast-schema-graph\">{\"@context\":\"https:\/\/schema.org\",\"@graph\":[{\"@type\":\"Article\",\"@id\":\"https:\/\/intlweloveu.org\/es\/the-8th-new-life-family-walkathon\/#article\",\"isPartOf\":{\"@id\":\"https:\/\/intlweloveu.org\/es\/the-8th-new-life-family-walkathon\/\"},\"author\":{\"name\":\"\uc548 \uc9c0\uc601\",\"@id\":\"https:\/\/intlweloveu.org\/#\/schema\/person\/1a1e923e29d2067adcfb1c90e5f0c607\"},\"headline\":\"8.\u00aa Caminata Familiar Nueva Vida\",\"datePublished\":\"2006-04-23T07:00:00+00:00\",\"dateModified\":\"2026-01-23T08:44:50+00:00\",\"mainEntityOfPage\":{\"@id\":\"https:\/\/intlweloveu.org\/es\/the-8th-new-life-family-walkathon\/\"},\"wordCount\":1107,\"image\":{\"@id\":\"https:\/\/intlweloveu.org\/es\/the-8th-new-life-family-walkathon\/#primaryimage\"},\"thumbnailUrl\":\"https:\/\/intlweloveu.org\/wp-content\/uploads\/2025\/10\/thum_the_8th_new_life_family_walkathon_01.jpg\",\"articleSection\":[\"Caminata\",\"Con los ODS\",\"Noticias de campa\u00f1a\",\"Paz, justicia e instituciones s\u00f3lidas\"],\"inLanguage\":\"es\"},{\"@type\":\"WebPage\",\"@id\":\"https:\/\/intlweloveu.org\/es\/the-8th-new-life-family-walkathon\/\",\"url\":\"https:\/\/intlweloveu.org\/es\/the-8th-new-life-family-walkathon\/\",\"name\":\"8.\u00aa Caminata Familiar Nueva Vida - Fundaci\u00f3n Internacional WeLoveU\",\"isPartOf\":{\"@id\":\"https:\/\/intlweloveu.org\/#website\"},\"primaryImageOfPage\":{\"@id\":\"https:\/\/intlweloveu.org\/es\/the-8th-new-life-family-walkathon\/#primaryimage\"},\"image\":{\"@id\":\"https:\/\/intlweloveu.org\/es\/the-8th-new-life-family-walkathon\/#primaryimage\"},\"thumbnailUrl\":\"https:\/\/intlweloveu.org\/wp-content\/uploads\/2025\/10\/thum_the_8th_new_life_family_walkathon_01.jpg\",\"datePublished\":\"2006-04-23T07:00:00+00:00\",\"dateModified\":\"2026-01-23T08:44:50+00:00\",\"author\":{\"@id\":\"https:\/\/intlweloveu.org\/#\/schema\/person\/1a1e923e29d2067adcfb1c90e5f0c607\"},\"breadcrumb\":{\"@id\":\"https:\/\/intlweloveu.org\/es\/the-8th-new-life-family-walkathon\/#breadcrumb\"},\"inLanguage\":\"es\",\"potentialAction\":[{\"@type\":\"ReadAction\",\"target\":[\"https:\/\/intlweloveu.org\/es\/the-8th-new-life-family-walkathon\/\"]}]},{\"@type\":\"ImageObject\",\"inLanguage\":\"es\",\"@id\":\"https:\/\/intlweloveu.org\/es\/the-8th-new-life-family-walkathon\/#primaryimage\",\"url\":\"https:\/\/intlweloveu.org\/wp-content\/uploads\/2025\/10\/thum_the_8th_new_life_family_walkathon_01.jpg\",\"contentUrl\":\"https:\/\/intlweloveu.org\/wp-content\/uploads\/2025\/10\/thum_the_8th_new_life_family_walkathon_01.jpg\",\"width\":1920,\"height\":1275},{\"@type\":\"BreadcrumbList\",\"@id\":\"https:\/\/intlweloveu.org\/es\/the-8th-new-life-family-walkathon\/#breadcrumb\",\"itemListElement\":[{\"@type\":\"ListItem\",\"position\":1,\"name\":\"\ud648\",\"item\":\"https:\/\/intlweloveu.org\/es\/\"},{\"@type\":\"ListItem\",\"position\":2,\"name\":\"8.\u00aa Caminata Familiar Nueva Vida\"}]},{\"@type\":\"WebSite\",\"@id\":\"https:\/\/intlweloveu.org\/#website\",\"url\":\"https:\/\/intlweloveu.org\/\",\"name\":\"The Intl. WeLoveU Foundation\",\"description\":\"El Amor de la Madre al Mundo Entero\",\"alternateName\":\"\uad6d\uc81c\uc704\ub7ec\ube0c\uc720\uc6b4\ub3d9\ubcf8\ubd80\",\"potentialAction\":[{\"@type\":\"SearchAction\",\"target\":{\"@type\":\"EntryPoint\",\"urlTemplate\":\"https:\/\/intlweloveu.org\/?s={search_term_string}\"},\"query-input\":{\"@type\":\"PropertyValueSpecification\",\"valueRequired\":true,\"valueName\":\"search_term_string\"}}],\"inLanguage\":\"es\"},{\"@type\":\"Person\",\"@id\":\"https:\/\/intlweloveu.org\/#\/schema\/person\/1a1e923e29d2067adcfb1c90e5f0c607\",\"name\":\"\uc548 \uc9c0\uc601\"}]}<\/script>\n<!-- \/ Yoast SEO plugin. -->","yoast_head_json":{"title":"8.\u00aa Caminata Familiar Nueva Vida - Fundaci\u00f3n Internacional WeLoveU","robots":{"index":"index","follow":"follow","max-snippet":"max-snippet:-1","max-image-preview":"max-image-preview:large","max-video-preview":"max-video-preview:-1"},"canonical":"https:\/\/intlweloveu.org\/es\/the-8th-new-life-family-walkathon\/","og_locale":"es_ES","og_type":"article","og_title":"8.\u00aa Caminata Familiar Nueva Vida - Fundaci\u00f3n Internacional WeLoveU","og_description":"El domingo 23 de abril de 2006, flores m\u00e1s bellas que las forsitias y el cerezo en primavera, estaban en plena floraci\u00f3n en el camino del Parque Namsan. Eran las flores de la brillante sonrisa de los miembros de la Fundaci\u00f3n de Bienestar Nueva Vida, que asistieron a la 8.\u00aa Caminata Familiar Nueva Vida. Sus...","og_url":"https:\/\/intlweloveu.org\/es\/the-8th-new-life-family-walkathon\/","og_site_name":"Fundaci\u00f3n Internacional WeLoveU","article_published_time":"2006-04-23T07:00:00+00:00","article_modified_time":"2026-01-23T08:44:50+00:00","og_image":[{"width":1920,"height":1275,"url":"https:\/\/intlweloveu.org\/wp-content\/uploads\/2025\/10\/thum_the_8th_new_life_family_walkathon_01.jpg","type":"image\/jpeg"}],"author":"\uc548 \uc9c0\uc601","twitter_card":"summary_large_image","twitter_misc":{"Escrito por":"\uc548 \uc9c0\uc601","Tiempo de lectura":"8 minutos"},"schema":{"@context":"https:\/\/schema.org","@graph":[{"@type":"Article","@id":"https:\/\/intlweloveu.org\/es\/the-8th-new-life-family-walkathon\/#article","isPartOf":{"@id":"https:\/\/intlweloveu.org\/es\/the-8th-new-life-family-walkathon\/"},"author":{"name":"\uc548 \uc9c0\uc601","@id":"https:\/\/intlweloveu.org\/#\/schema\/person\/1a1e923e29d2067adcfb1c90e5f0c607"},"headline":"8.\u00aa Caminata Familiar Nueva Vida","datePublished":"2006-04-23T07:00:00+00:00","dateModified":"2026-01-23T08:44:50+00:00","mainEntityOfPage":{"@id":"https:\/\/intlweloveu.org\/es\/the-8th-new-life-family-walkathon\/"},"wordCount":1107,"image":{"@id":"https:\/\/intlweloveu.org\/es\/the-8th-new-life-family-walkathon\/#primaryimage"},"thumbnailUrl":"https:\/\/intlweloveu.org\/wp-content\/uploads\/2025\/10\/thum_the_8th_new_life_family_walkathon_01.jpg","articleSection":["Caminata","Con los ODS","Noticias de campa\u00f1a","Paz, justicia e instituciones s\u00f3lidas"],"inLanguage":"es"},{"@type":"WebPage","@id":"https:\/\/intlweloveu.org\/es\/the-8th-new-life-family-walkathon\/","url":"https:\/\/intlweloveu.org\/es\/the-8th-new-life-family-walkathon\/","name":"8.\u00aa Caminata Familiar Nueva Vida - Fundaci\u00f3n Internacional WeLoveU","isPartOf":{"@id":"https:\/\/intlweloveu.org\/#website"},"primaryImageOfPage":{"@id":"https:\/\/intlweloveu.org\/es\/the-8th-new-life-family-walkathon\/#primaryimage"},"image":{"@id":"https:\/\/intlweloveu.org\/es\/the-8th-new-life-family-walkathon\/#primaryimage"},"thumbnailUrl":"https:\/\/intlweloveu.org\/wp-content\/uploads\/2025\/10\/thum_the_8th_new_life_family_walkathon_01.jpg","datePublished":"2006-04-23T07:00:00+00:00","dateModified":"2026-01-23T08:44:50+00:00","author":{"@id":"https:\/\/intlweloveu.org\/#\/schema\/person\/1a1e923e29d2067adcfb1c90e5f0c607"},"breadcrumb":{"@id":"https:\/\/intlweloveu.org\/es\/the-8th-new-life-family-walkathon\/#breadcrumb"},"inLanguage":"es","potentialAction":[{"@type":"ReadAction","target":["https:\/\/intlweloveu.org\/es\/the-8th-new-life-family-walkathon\/"]}]},{"@type":"ImageObject","inLanguage":"es","@id":"https:\/\/intlweloveu.org\/es\/the-8th-new-life-family-walkathon\/#primaryimage","url":"https:\/\/intlweloveu.org\/wp-content\/uploads\/2025\/10\/thum_the_8th_new_life_family_walkathon_01.jpg","contentUrl":"https:\/\/intlweloveu.org\/wp-content\/uploads\/2025\/10\/thum_the_8th_new_life_family_walkathon_01.jpg","width":1920,"height":1275},{"@type":"BreadcrumbList","@id":"https:\/\/intlweloveu.org\/es\/the-8th-new-life-family-walkathon\/#breadcrumb","itemListElement":[{"@type":"ListItem","position":1,"name":"\ud648","item":"https:\/\/intlweloveu.org\/es\/"},{"@type":"ListItem","position":2,"name":"8.\u00aa Caminata Familiar Nueva Vida"}]},{"@type":"WebSite","@id":"https:\/\/intlweloveu.org\/#website","url":"https:\/\/intlweloveu.org\/","name":"The Intl. WeLoveU Foundation","description":"El Amor de la Madre al Mundo Entero","alternateName":"\uad6d\uc81c\uc704\ub7ec\ube0c\uc720\uc6b4\ub3d9\ubcf8\ubd80","potentialAction":[{"@type":"SearchAction","target":{"@type":"EntryPoint","urlTemplate":"https:\/\/intlweloveu.org\/?s={search_term_string}"},"query-input":{"@type":"PropertyValueSpecification","valueRequired":true,"valueName":"search_term_string"}}],"inLanguage":"es"},{"@type":"Person","@id":"https:\/\/intlweloveu.org\/#\/schema\/person\/1a1e923e29d2067adcfb1c90e5f0c607","name":"\uc548 \uc9c0\uc601"}]}},"_links":{"self":[{"href":"https:\/\/intlweloveu.org\/es\/wp-json\/wp\/v2\/posts\/29351","targetHints":{"allow":["GET"]}}],"collection":[{"href":"https:\/\/intlweloveu.org\/es\/wp-json\/wp\/v2\/posts"}],"about":[{"href":"https:\/\/intlweloveu.org\/es\/wp-json\/wp\/v2\/types\/post"}],"author":[{"embeddable":true,"href":"https:\/\/intlweloveu.org\/es\/wp-json\/wp\/v2\/users\/9"}],"replies":[{"embeddable":true,"href":"https:\/\/intlweloveu.org\/es\/wp-json\/wp\/v2\/comments?post=29351"}],"version-history":[{"count":1,"href":"https:\/\/intlweloveu.org\/es\/wp-json\/wp\/v2\/posts\/29351\/revisions"}],"predecessor-version":[{"id":29378,"href":"https:\/\/intlweloveu.org\/es\/wp-json\/wp\/v2\/posts\/29351\/revisions\/29378"}],"wp:featuredmedia":[{"embeddable":true,"href":"https:\/\/intlweloveu.org\/es\/wp-json\/wp\/v2\/media\/52960"}],"wp:attachment":[{"href":"https:\/\/intlweloveu.org\/es\/wp-json\/wp\/v2\/media?parent=29351"}],"wp:term":[{"taxonomy":"category","embeddable":true,"href":"https:\/\/intlweloveu.org\/es\/wp-json\/wp\/v2\/categories?post=29351"},{"taxonomy":"post_tag","embeddable":true,"href":"https:\/\/intlweloveu.org\/es\/wp-json\/wp\/v2\/tags?post=29351"}],"curies":[{"name":"wp","href":"https:\/\/api.w.org\/{rel}","templated":true}]}}