{"id":20364,"date":"2022-11-30T07:00:00","date_gmt":"2022-11-30T07:00:00","guid":{"rendered":"https:\/\/intlweloveu.org\/clean-action-monthly-challenge-221130\/"},"modified":"2026-02-05T08:21:07","modified_gmt":"2026-02-05T08:21:07","slug":"clean-action-monthly-challenge-221130","status":"publish","type":"post","link":"https:\/\/intlweloveu.org\/es\/clean-action-monthly-challenge-221130\/","title":{"rendered":"Use vasos y tazas sin usar"},"content":{"rendered":"<p>Dado que la cantidad de residuos desechables ha aumentado considerablemente debido a la COVID-19, el Ministerio de Medio Ambiente de Corea ha tomado medidas para reducir el uso de productos desechables para el medio ambiente sostenible de la Tierra. Anunciaron que a partir del 24 de noviembre quedar\u00e1 prohibida la venta de bolsas de pl\u00e1stico en las tiendas y que se prohibir\u00e1 el uso de art\u00edculos desechables como vasos de papel y pajillas de pl\u00e1stico. <\/p>\n<p>Tambi\u00e9n se implementan pol\u00edticas similares en otros pa\u00edses. Estados Unidos planea cesar la venta y distribuci\u00f3n de productos pl\u00e1sticos desechables en parques nacionales y terrenos p\u00fablicos para 2032, mientras que Francia prohibi\u00f3 el envasado de frutas y verduras en pl\u00e1stico desde el primer d\u00eda de este a\u00f1o.<\/p>\n<figure class=\"wp-block-image size-full\"><img loading=\"lazy\" decoding=\"async\" width=\"1166\" height=\"810\" src=\"https:\/\/intlweloveu.org\/wp-content\/uploads\/2022\/11\/thum_clean_action_monthly_challenge_221130_01_es.jpg\" alt=\"\" class=\"wp-image-20416\" srcset=\"https:\/\/intlweloveu.org\/wp-content\/uploads\/2022\/11\/thum_clean_action_monthly_challenge_221130_01_es.jpg 1166w, https:\/\/intlweloveu.org\/wp-content\/uploads\/2022\/11\/thum_clean_action_monthly_challenge_221130_01_es-768x534.jpg 768w, https:\/\/intlweloveu.org\/wp-content\/uploads\/2022\/11\/thum_clean_action_monthly_challenge_221130_01_es-720x500.jpg 720w\" sizes=\"auto, (max-width: 1166px) 100vw, 1166px\" \/><\/figure>\n<p>WeLoveU llev\u00f3 a cabo el Desaf\u00edo Use Un Vaso Personal para promover el uso de vasos reutilizables en lugar de desechables para preservar el hermoso medio ambiente de nuestro planeta. Tiene como objetivo reducir las emisiones de carbono causadas por los residuos desechables y prevenir el calentamiento global.<\/p>\n<p>Cuanto m\u00e1s use vasos reutilizables, mayor ser\u00e1 el efecto de reducci\u00f3n de carbono, por lo que es importante que lo convierta en un h\u00e1bito.<\/p>\n<p>\u00a1Por ello, los miembros de WeLoveU sacaron sus vasos y tazas sin usar! Ahora, compartamos las v\u00edvidas historias de los miembros que participaron en este desaf\u00edo.<\/p>\n<h2 class=\"wp-block-heading\">\ud83d\udc9a Use su vaso personal en cualquier momento y en cualquier lugar \ud83d\udc9a<\/h2>\n<figure class=\"wp-block-gallery has-nested-images columns-2 is-cropped wp-block-gallery-1 is-layout-flex wp-block-gallery-is-layout-flex\">\n<figure class=\"wp-block-image size-full\"><img loading=\"lazy\" decoding=\"async\" width=\"675\" height=\"675\" data-id=\"20337\" src=\"https:\/\/intlweloveu.org\/wp-content\/uploads\/2022\/11\/thum_clean_action_monthly_challenge_221130_02.jpg\" alt=\"\" class=\"wp-image-20337\" srcset=\"https:\/\/intlweloveu.org\/wp-content\/uploads\/2022\/11\/thum_clean_action_monthly_challenge_221130_02.jpg 675w, https:\/\/intlweloveu.org\/wp-content\/uploads\/2022\/11\/thum_clean_action_monthly_challenge_221130_02-500x500.jpg 500w\" sizes=\"auto, (max-width: 675px) 100vw, 675px\" \/><figcaption class=\"wp-element-caption\">Use vasos y tazas sin usar<br>De camino al trabajo, en el auto. Lee Hae-chang, Corea<\/figcaption><\/figure>\n<figure class=\"wp-block-image size-full\"><img decoding=\"async\" data-id=\"20418\" src=\"https:\/\/intlweloveu.org\/wp-content\/uploads\/2022\/11\/thum_clean_action_monthly_challenge_221130_03.jpg\" alt=\"\" class=\"wp-image-20418\"\/><figcaption class=\"wp-element-caption\">Use vasos y tazas sin usar<br>En el hospital Emilse Bracamonte, Argentina<\/figcaption><\/figure>\n<figure class=\"wp-block-image size-full\"><img loading=\"lazy\" decoding=\"async\" width=\"1080\" height=\"675\" data-id=\"20340\" src=\"https:\/\/intlweloveu.org\/wp-content\/uploads\/2022\/11\/thum_clean_action_monthly_challenge_221130_04.jpg\" alt=\"\" class=\"wp-image-20340\" srcset=\"https:\/\/intlweloveu.org\/wp-content\/uploads\/2022\/11\/thum_clean_action_monthly_challenge_221130_04.jpg 1080w, https:\/\/intlweloveu.org\/wp-content\/uploads\/2022\/11\/thum_clean_action_monthly_challenge_221130_04-768x480.jpg 768w, https:\/\/intlweloveu.org\/wp-content\/uploads\/2022\/11\/thum_clean_action_monthly_challenge_221130_04-800x500.jpg 800w\" sizes=\"auto, (max-width: 1080px) 100vw, 1080px\" \/><figcaption class=\"wp-element-caption\">Use vasos y tazas sin usar<br>En la vida diaria Vivian Rivera, EE. UU.<\/figcaption><\/figure>\n<\/figure>\n<figure class=\"wp-block-gallery has-nested-images columns-default is-cropped wp-block-gallery-2 is-layout-flex wp-block-gallery-is-layout-flex\">\n<figure class=\"wp-block-image size-full\"><img loading=\"lazy\" decoding=\"async\" width=\"675\" height=\"675\" data-id=\"20341\" src=\"https:\/\/intlweloveu.org\/wp-content\/uploads\/2022\/11\/thum_clean_action_monthly_challenge_221130_05.jpg\" alt=\"\" class=\"wp-image-20341\" srcset=\"https:\/\/intlweloveu.org\/wp-content\/uploads\/2022\/11\/thum_clean_action_monthly_challenge_221130_05.jpg 675w, https:\/\/intlweloveu.org\/wp-content\/uploads\/2022\/11\/thum_clean_action_monthly_challenge_221130_05-500x500.jpg 500w\" sizes=\"auto, (max-width: 675px) 100vw, 675px\" \/><figcaption class=\"wp-element-caption\">Use vasos y tazas sin usar<br>En el trabajo Lee Nam-gyeong, Corea<\/figcaption><\/figure>\n<figure class=\"wp-block-image size-full\"><img loading=\"lazy\" decoding=\"async\" width=\"675\" height=\"675\" data-id=\"20342\" src=\"https:\/\/intlweloveu.org\/wp-content\/uploads\/2022\/11\/thum_clean_action_monthly_challenge_221130_06.jpg\" alt=\"\" class=\"wp-image-20342\" srcset=\"https:\/\/intlweloveu.org\/wp-content\/uploads\/2022\/11\/thum_clean_action_monthly_challenge_221130_06.jpg 675w, https:\/\/intlweloveu.org\/wp-content\/uploads\/2022\/11\/thum_clean_action_monthly_challenge_221130_06-500x500.jpg 500w\" sizes=\"auto, (max-width: 675px) 100vw, 675px\" \/><figcaption class=\"wp-element-caption\">Use vasos y tazas sin usar<br>En la calle Chae Ho-sik, Corea<\/figcaption><\/figure>\n<\/figure>\n<h2 class=\"wp-block-heading\">\ud83d\udc9a Hagamos cosas buenas juntos \ud83d\udc9a<\/h2>\n<div class=\"wp-block-media-text is-stacked-on-mobile\">\n<figure class=\"wp-block-media-text__media\"><img loading=\"lazy\" decoding=\"async\" width=\"675\" height=\"675\" src=\"https:\/\/intlweloveu.org\/wp-content\/uploads\/2022\/11\/thum_clean_action_monthly_challenge_221130_07.jpg\" alt=\"\" class=\"wp-image-20343 size-full\" srcset=\"https:\/\/intlweloveu.org\/wp-content\/uploads\/2022\/11\/thum_clean_action_monthly_challenge_221130_07.jpg 675w, https:\/\/intlweloveu.org\/wp-content\/uploads\/2022\/11\/thum_clean_action_monthly_challenge_221130_07-500x500.jpg 500w\" sizes=\"auto, (max-width: 675px) 100vw, 675px\" \/><\/figure>\n<div class=\"wp-block-media-text__content\">\n<p>Estoy muy feliz de participar en el desaf\u00edo. Coloqu\u00e9 un afiche en el tabl\u00f3n de anuncios de mi oficina para hacer el desaf\u00edo con m\u00e1s personas.<\/p>\n<p class=\"cite\">Irma Figueira, Pa\u00edses Bajos<\/p>\n<\/div>\n<\/div>\n<div class=\"wp-block-media-text is-stacked-on-mobile\">\n<figure class=\"wp-block-media-text__media\"><img loading=\"lazy\" decoding=\"async\" width=\"675\" height=\"675\" src=\"https:\/\/intlweloveu.org\/wp-content\/uploads\/2022\/11\/thum_clean_action_monthly_challenge_221130_08.jpg\" alt=\"\" class=\"wp-image-20344 size-full\" srcset=\"https:\/\/intlweloveu.org\/wp-content\/uploads\/2022\/11\/thum_clean_action_monthly_challenge_221130_08.jpg 675w, https:\/\/intlweloveu.org\/wp-content\/uploads\/2022\/11\/thum_clean_action_monthly_challenge_221130_08-500x500.jpg 500w\" sizes=\"auto, (max-width: 675px) 100vw, 675px\" \/><\/figure>\n<div class=\"wp-block-media-text__content\">\n<p>He estado realizando el desaf\u00edo de Acci\u00f3n por la Limpieza en mi lugar de trabajo. Este mes, voy a compartirlo con mis colegas. Espero que todos participen en este desaf\u00edo.<\/p>\n<p class=\"cite\">Norma Edith Brennan, EE. UU.<\/p>\n<\/div>\n<\/div>\n<div class=\"wp-block-media-text is-stacked-on-mobile\">\n<figure class=\"wp-block-media-text__media\"><img loading=\"lazy\" decoding=\"async\" width=\"675\" height=\"675\" src=\"https:\/\/intlweloveu.org\/wp-content\/uploads\/2022\/11\/thum_clean_action_monthly_challenge_221130_09.jpg\" alt=\"\" class=\"wp-image-20345 size-full\" srcset=\"https:\/\/intlweloveu.org\/wp-content\/uploads\/2022\/11\/thum_clean_action_monthly_challenge_221130_09.jpg 675w, https:\/\/intlweloveu.org\/wp-content\/uploads\/2022\/11\/thum_clean_action_monthly_challenge_221130_09-500x500.jpg 500w\" sizes=\"auto, (max-width: 675px) 100vw, 675px\" \/><\/figure>\n<div class=\"wp-block-media-text__content\">\n<p>Todos, desde los mayores hasta los m\u00e1s peque\u00f1os, trajeron sus propias botellas de agua. Estoy feliz de participar en la protecci\u00f3n de la Tierra con WeLoveU.<\/p>\n<p class=\"cite\">Lim Chia Kee, Malasia<\/p>\n<\/div>\n<\/div>\n<div class=\"wp-block-media-text is-stacked-on-mobile\">\n<figure class=\"wp-block-media-text__media\"><img loading=\"lazy\" decoding=\"async\" width=\"675\" height=\"675\" src=\"https:\/\/intlweloveu.org\/wp-content\/uploads\/2022\/11\/thum_clean_action_monthly_challenge_221130_10.jpg\" alt=\"\" class=\"wp-image-20346 size-full\" srcset=\"https:\/\/intlweloveu.org\/wp-content\/uploads\/2022\/11\/thum_clean_action_monthly_challenge_221130_10.jpg 675w, https:\/\/intlweloveu.org\/wp-content\/uploads\/2022\/11\/thum_clean_action_monthly_challenge_221130_10-500x500.jpg 500w\" sizes=\"auto, (max-width: 675px) 100vw, 675px\" \/><\/figure>\n<div class=\"wp-block-media-text__content\">\n<p>Me gustaba usar vasos de papel porque es conveniente. Pero decid\u00ed tomar t\u00e9 en mis propios vasos con mis amigos despu\u00e9s de enterarme de que solo usar vasos reutilizables puede ayudar a disminuir la temperatura global. Es bueno saber que incluso las peque\u00f1as acciones pueden ayudar al planeta. Continuar\u00e9 usando mis propios vasos.<\/p>\n<p class=\"cite\">Lee Ja-yeong, Corea<\/p>\n<\/div>\n<\/div>\n<div class=\"wp-block-media-text is-stacked-on-mobile\">\n<figure class=\"wp-block-media-text__media\"><img loading=\"lazy\" decoding=\"async\" width=\"675\" height=\"675\" src=\"https:\/\/intlweloveu.org\/wp-content\/uploads\/2022\/11\/thum_clean_action_monthly_challenge_221130_11.jpg\" alt=\"\" class=\"wp-image-20347 size-full\" srcset=\"https:\/\/intlweloveu.org\/wp-content\/uploads\/2022\/11\/thum_clean_action_monthly_challenge_221130_11.jpg 675w, https:\/\/intlweloveu.org\/wp-content\/uploads\/2022\/11\/thum_clean_action_monthly_challenge_221130_11-500x500.jpg 500w\" sizes=\"auto, (max-width: 675px) 100vw, 675px\" \/><\/figure>\n<div class=\"wp-block-media-text__content\">\n<p>Hice muchos esfuerzos para promover el Desaf\u00edo Use Un Vaso Personal, y fue muy efectivo. Uso mi propio vaso cuando bebo caf\u00e9, comparto t\u00e9 y cuando bebo agua. El caf\u00e9 y el t\u00e9 saben a\u00fan mejor porque los comparto.<\/p>\n<p class=\"cite\">Gye Gyeong-nam, Corea<\/p>\n<\/div>\n<\/div>\n<div class=\"wp-block-media-text is-stacked-on-mobile\">\n<figure class=\"wp-block-media-text__media\"><img loading=\"lazy\" decoding=\"async\" width=\"675\" height=\"675\" src=\"https:\/\/intlweloveu.org\/wp-content\/uploads\/2022\/11\/thum_clean_action_monthly_challenge_221130_12.jpg\" alt=\"\" class=\"wp-image-20348 size-full\" srcset=\"https:\/\/intlweloveu.org\/wp-content\/uploads\/2022\/11\/thum_clean_action_monthly_challenge_221130_12.jpg 675w, https:\/\/intlweloveu.org\/wp-content\/uploads\/2022\/11\/thum_clean_action_monthly_challenge_221130_12-500x500.jpg 500w\" sizes=\"auto, (max-width: 675px) 100vw, 675px\" \/><\/figure>\n<div class=\"wp-block-media-text__content\">\n<p>Dej\u00e9 de usar vasos de papel y uso vasos reutilizables. Al principio, me daba pereza lavar el vaso, pero ahora llevo mi propio vaso donde quiera que vaya. Incluso las personas que me rodean han comenzado a usar sus propios vasos. Debe ser algo positivo, \u00bfverdad?<\/p>\n<p class=\"cite\">Modest A (sobrenombre), Corea<\/p>\n<\/div>\n<\/div>\n<div class=\"wp-block-media-text is-stacked-on-mobile\">\n<figure class=\"wp-block-media-text__media\"><img loading=\"lazy\" decoding=\"async\" width=\"675\" height=\"675\" src=\"https:\/\/intlweloveu.org\/wp-content\/uploads\/2022\/11\/thum_clean_action_monthly_challenge_221130_13.jpg\" alt=\"\" class=\"wp-image-20350 size-full\" srcset=\"https:\/\/intlweloveu.org\/wp-content\/uploads\/2022\/11\/thum_clean_action_monthly_challenge_221130_13.jpg 675w, https:\/\/intlweloveu.org\/wp-content\/uploads\/2022\/11\/thum_clean_action_monthly_challenge_221130_13-500x500.jpg 500w\" sizes=\"auto, (max-width: 675px) 100vw, 675px\" \/><\/figure>\n<div class=\"wp-block-media-text__content\">\n<p>Dos es mejor que uno, y juntos es mejor que solo. Decid\u00ed participar en la limpieza de la Tierra con mis amigos. Incluso despu\u00e9s del desaf\u00edo, seguir\u00e9 usando mis vasos personales para salvar la Tierra.<\/p>\n<p class=\"cite\">Daltteok (sobrenombre), Corea<\/p>\n<\/div>\n<\/div>\n<div class=\"wp-block-media-text is-stacked-on-mobile\">\n<figure class=\"wp-block-media-text__media\"><img loading=\"lazy\" decoding=\"async\" width=\"675\" height=\"675\" src=\"https:\/\/intlweloveu.org\/wp-content\/uploads\/2022\/11\/thum_clean_action_monthly_challenge_221130_14.jpg\" alt=\"\" class=\"wp-image-20351 size-full\" srcset=\"https:\/\/intlweloveu.org\/wp-content\/uploads\/2022\/11\/thum_clean_action_monthly_challenge_221130_14.jpg 675w, https:\/\/intlweloveu.org\/wp-content\/uploads\/2022\/11\/thum_clean_action_monthly_challenge_221130_14-500x500.jpg 500w\" sizes=\"auto, (max-width: 675px) 100vw, 675px\" \/><\/figure>\n<div class=\"wp-block-media-text__content\">\n<p>Decid\u00ed participar en el desaf\u00edo Use Un Vaso Personal en la reuni\u00f3n de ni\u00f1os y fue un poco decepcionante que no hubiera muchos adultos adem\u00e1s de los ni\u00f1os. Espero que todos se unan a nosotros la pr\u00f3xima vez.<\/p>\n<p class=\"cite\">Choi Hyeon-ok, Corea<\/p>\n<\/div>\n<\/div>\n<h2 class=\"wp-block-heading\">\ud83d\udc9a Cuidar el medio ambiente \ud83d\udc9a<\/h2>\n<div class=\"wp-block-media-text is-stacked-on-mobile\">\n<figure class=\"wp-block-media-text__media\"><img loading=\"lazy\" decoding=\"async\" width=\"675\" height=\"675\" src=\"https:\/\/intlweloveu.org\/wp-content\/uploads\/2022\/11\/thum_clean_action_monthly_challenge_221130_15.jpg\" alt=\"\" class=\"wp-image-20352 size-full\" srcset=\"https:\/\/intlweloveu.org\/wp-content\/uploads\/2022\/11\/thum_clean_action_monthly_challenge_221130_15.jpg 675w, https:\/\/intlweloveu.org\/wp-content\/uploads\/2022\/11\/thum_clean_action_monthly_challenge_221130_15-500x500.jpg 500w\" sizes=\"auto, (max-width: 675px) 100vw, 675px\" \/><\/figure>\n<div class=\"wp-block-media-text__content\">\n<p>El desaf\u00edo Use Un Vaso Personal de WeLoveU es realmente genial porque podemos salvar la Tierra haciendo cosas peque\u00f1as como reducir los vasos de papel desechables. Espero que nuestros hijos puedan preservar la naturaleza para que puedan ver y sentir la hermosa naturaleza que disfrutamos sin costo alguno.<\/p>\n<p class=\"cite\">Michael Villalobos, EE. UU.<\/p>\n<\/div>\n<\/div>\n<div class=\"wp-block-media-text is-stacked-on-mobile\">\n<figure class=\"wp-block-media-text__media\"><img loading=\"lazy\" decoding=\"async\" width=\"675\" height=\"675\" src=\"https:\/\/intlweloveu.org\/wp-content\/uploads\/2022\/11\/thum_clean_action_monthly_challenge_221130_16.jpg\" alt=\"\" class=\"wp-image-20353 size-full\" srcset=\"https:\/\/intlweloveu.org\/wp-content\/uploads\/2022\/11\/thum_clean_action_monthly_challenge_221130_16.jpg 675w, https:\/\/intlweloveu.org\/wp-content\/uploads\/2022\/11\/thum_clean_action_monthly_challenge_221130_16-500x500.jpg 500w\" sizes=\"auto, (max-width: 675px) 100vw, 675px\" \/><\/figure>\n<div class=\"wp-block-media-text__content\">\n<p>Estoy feliz de participar en el desaf\u00edo Use Un Vaso Personal para reducir las emisiones de carbono y ahorrar energ\u00eda y recursos todos los d\u00edas para salvar el planeta. Todos juntos salvemos el medio ambiente.<\/p>\n<p class=\"cite\">Kesmin, Singapur<\/p>\n<\/div>\n<\/div>\n<div class=\"wp-block-media-text is-stacked-on-mobile\">\n<figure class=\"wp-block-media-text__media\"><img loading=\"lazy\" decoding=\"async\" width=\"675\" height=\"675\" src=\"https:\/\/intlweloveu.org\/wp-content\/uploads\/2022\/11\/thum_clean_action_monthly_challenge_221130_17.jpg\" alt=\"\" class=\"wp-image-20354 size-full\" srcset=\"https:\/\/intlweloveu.org\/wp-content\/uploads\/2022\/11\/thum_clean_action_monthly_challenge_221130_17.jpg 675w, https:\/\/intlweloveu.org\/wp-content\/uploads\/2022\/11\/thum_clean_action_monthly_challenge_221130_17-500x500.jpg 500w\" sizes=\"auto, (max-width: 675px) 100vw, 675px\" \/><\/figure>\n<div class=\"wp-block-media-text__content\">\n<p>Esta fue la primera vez que particip\u00e9 en el desaf\u00edo de Acci\u00f3n por la Limpieza. Estoy feliz de haber ralentizado el calentamiento global aunque sea un poco.<\/p>\n<p class=\"cite\">Jessica Tanef, Camer\u00fan<\/p>\n<\/div>\n<\/div>\n<div class=\"wp-block-media-text is-stacked-on-mobile\">\n<figure class=\"wp-block-media-text__media\"><img loading=\"lazy\" decoding=\"async\" width=\"675\" height=\"675\" src=\"https:\/\/intlweloveu.org\/wp-content\/uploads\/2022\/11\/thum_clean_action_monthly_challenge_221130_18.jpg\" alt=\"\" class=\"wp-image-20355 size-full\" srcset=\"https:\/\/intlweloveu.org\/wp-content\/uploads\/2022\/11\/thum_clean_action_monthly_challenge_221130_18.jpg 675w, https:\/\/intlweloveu.org\/wp-content\/uploads\/2022\/11\/thum_clean_action_monthly_challenge_221130_18-500x500.jpg 500w\" sizes=\"auto, (max-width: 675px) 100vw, 675px\" \/><\/figure>\n<div class=\"wp-block-media-text__content\">\n<p>Desaf\u00edo Use Un Vaso Personal: \u00a1Usar vasos reutilizables en lugar de vasos desechables! Trabajaremos todos juntos para combatir el cambio clim\u00e1tico.<\/p>\n<p class=\"cite\">Magdalena Roy, Argentina<\/p>\n<\/div>\n<\/div>\n<div class=\"wp-block-media-text is-stacked-on-mobile\">\n<figure class=\"wp-block-media-text__media\"><img loading=\"lazy\" decoding=\"async\" width=\"675\" height=\"675\" src=\"https:\/\/intlweloveu.org\/wp-content\/uploads\/2022\/11\/thum_clean_action_monthly_challenge_221130_19.jpg\" alt=\"\" class=\"wp-image-20356 size-full\" srcset=\"https:\/\/intlweloveu.org\/wp-content\/uploads\/2022\/11\/thum_clean_action_monthly_challenge_221130_19.jpg 675w, https:\/\/intlweloveu.org\/wp-content\/uploads\/2022\/11\/thum_clean_action_monthly_challenge_221130_19-500x500.jpg 500w\" sizes=\"auto, (max-width: 675px) 100vw, 675px\" \/><\/figure>\n<div class=\"wp-block-media-text__content\">\n<p>Me alegra poder contribuir a la salud del planeta usando vasos personales, especialmente despu\u00e9s de darme cuenta de la gravedad del calentamiento global.<\/p>\n<p class=\"cite\">Jang Ha-yeong, Corea<\/p>\n<\/div>\n<\/div>\n<div class=\"wp-block-media-text is-stacked-on-mobile\">\n<figure class=\"wp-block-media-text__media\"><img loading=\"lazy\" decoding=\"async\" width=\"675\" height=\"675\" src=\"https:\/\/intlweloveu.org\/wp-content\/uploads\/2022\/11\/thum_clean_action_monthly_challenge_221130_20.jpg\" alt=\"\" class=\"wp-image-20357 size-full\" srcset=\"https:\/\/intlweloveu.org\/wp-content\/uploads\/2022\/11\/thum_clean_action_monthly_challenge_221130_20.jpg 675w, https:\/\/intlweloveu.org\/wp-content\/uploads\/2022\/11\/thum_clean_action_monthly_challenge_221130_20-500x500.jpg 500w\" sizes=\"auto, (max-width: 675px) 100vw, 675px\" \/><\/figure>\n<div class=\"wp-block-media-text__content\">\n<p>En Las Vegas, el clima es tan seco que tiene que beber agua todo el tiempo. Para el mes de noviembre, no solo usar\u00e9 vasos personales, continuar\u00e9 haciendo todo lo que pueda por el medio ambiente sostenible en Las Vegas.<\/p>\n<p class=\"cite\">Taylor Miller, EE. UU.<\/p>\n<\/div>\n<\/div>\n<h2 class=\"wp-block-heading\">\ud83d\udc9a En la hermosa naturaleza \ud83d\udc9a<\/h2>\n<div class=\"wp-block-media-text is-stacked-on-mobile\">\n<figure class=\"wp-block-media-text__media\"><img loading=\"lazy\" decoding=\"async\" width=\"675\" height=\"675\" src=\"https:\/\/intlweloveu.org\/wp-content\/uploads\/2022\/11\/thum_clean_action_monthly_challenge_221130_21.jpg\" alt=\"\" class=\"wp-image-20358 size-full\" srcset=\"https:\/\/intlweloveu.org\/wp-content\/uploads\/2022\/11\/thum_clean_action_monthly_challenge_221130_21.jpg 675w, https:\/\/intlweloveu.org\/wp-content\/uploads\/2022\/11\/thum_clean_action_monthly_challenge_221130_21-500x500.jpg 500w\" sizes=\"auto, (max-width: 675px) 100vw, 675px\" \/><\/figure>\n<div class=\"wp-block-media-text__content\">\n<p>Cuando sal\u00ed al parque, tom\u00e9 mi propio vaso para mi t\u00e9 y me sent\u00ed muy feliz. Continuar\u00e9 us\u00e1ndolo para proteger la naturaleza.<\/p>\n<p class=\"cite\">Kim Cho-hee, Corea<\/p>\n<\/div>\n<\/div>\n<div class=\"wp-block-media-text is-stacked-on-mobile\">\n<figure class=\"wp-block-media-text__media\"><img loading=\"lazy\" decoding=\"async\" width=\"675\" height=\"675\" src=\"https:\/\/intlweloveu.org\/wp-content\/uploads\/2022\/11\/thum_clean_action_monthly_challenge_221130_22.jpg\" alt=\"\" class=\"wp-image-20359 size-full\" srcset=\"https:\/\/intlweloveu.org\/wp-content\/uploads\/2022\/11\/thum_clean_action_monthly_challenge_221130_22.jpg 675w, https:\/\/intlweloveu.org\/wp-content\/uploads\/2022\/11\/thum_clean_action_monthly_challenge_221130_22-500x500.jpg 500w\" sizes=\"auto, (max-width: 675px) 100vw, 675px\" \/><\/figure>\n<div class=\"wp-block-media-text__content\">\n<p>Me he interesado en el medio ambiente en estos d\u00edas. Mientras me preguntaba c\u00f3mo podr\u00eda ayudar a la naturaleza, me interes\u00e9 en el desaf\u00edo Use Un Vaso Personal de WeLoveU. Era bueno que cualquiera pudiera participar f\u00e1cilmente. Desde que comenc\u00e9 a llevar mi propio vaso, bebo agua con m\u00e1s frecuencia. Felicitaciones a WeLoveU por hacer esfuerzos para proteger la Tierra.<\/p>\n<p class=\"cite\">Oh Kyeong-mi, Corea<\/p>\n<\/div>\n<\/div>\n<div class=\"wp-block-media-text is-stacked-on-mobile\">\n<figure class=\"wp-block-media-text__media\"><img loading=\"lazy\" decoding=\"async\" width=\"675\" height=\"675\" src=\"https:\/\/intlweloveu.org\/wp-content\/uploads\/2022\/11\/clean-action-monthly-challenge-221130-4-03.jpg\" alt=\"\" class=\"wp-image-20360 size-full\" srcset=\"https:\/\/intlweloveu.org\/wp-content\/uploads\/2022\/11\/clean-action-monthly-challenge-221130-4-03.jpg 675w, https:\/\/intlweloveu.org\/wp-content\/uploads\/2022\/11\/clean-action-monthly-challenge-221130-4-03-500x500.jpg 500w\" sizes=\"auto, (max-width: 675px) 100vw, 675px\" \/><\/figure>\n<div class=\"wp-block-media-text__content\">\n<p>Disfrut\u00e9 el oto\u00f1o con gente agradable hoy. Fuimos a un lugar donde un vertedero se transform\u00f3 en un parque con muchos tanques de recolecci\u00f3n de gas en varios lugares. Ten\u00eda ganas de hacer un picnic sin da\u00f1ar la naturaleza. De ahora en adelante, seguir\u00e9 usando art\u00edculos desechables.<\/p>\n<p class=\"cite\">Lee Seon-mi, Corea<\/p>\n<\/div>\n<\/div>\n","protected":false},"excerpt":{"rendered":"Dado que la cantidad de residuos desechables ha aumentado considerablemente debido a la COVID-19, el Ministerio de Medio Ambiente de Corea ha tomado medidas para reducir el uso de productos desechables para el medio ambiente sostenible de la Tierra. Anunciaron que a partir del 24 de noviembre quedar\u00e1 prohibida la venta de bolsas de pl\u00e1stico&#8230;","protected":false},"author":9,"featured_media":20365,"comment_status":"closed","ping_status":"closed","sticky":false,"template":"post-type\/overlay-half-dark.php","format":"standard","meta":{"footnotes":""},"categories":[57,96,55,73,58,113,60,87],"tags":[],"class_list":["post-20364","post","type-post","status-publish","format-standard","has-post-thumbnail","hentry","category-sdgs-climate-action","category-clean-action","category-sdgs","category-campaign-news","category-news","category-sdgs-environmental-protection","category-environmental-protection","category-saving-the-earth"],"yoast_head":"<!-- This site is optimized with the Yoast SEO plugin v26.8 - https:\/\/yoast.com\/product\/yoast-seo-wordpress\/ -->\n<title>Use vasos y tazas sin usar - Fundaci\u00f3n Internacional WeLoveU<\/title>\n<meta name=\"robots\" content=\"index, follow, max-snippet:-1, max-image-preview:large, max-video-preview:-1\" \/>\n<link rel=\"canonical\" href=\"https:\/\/intlweloveu.org\/es\/clean-action-monthly-challenge-221130\/\" \/>\n<meta property=\"og:locale\" content=\"es_ES\" \/>\n<meta property=\"og:type\" content=\"article\" \/>\n<meta property=\"og:title\" content=\"Use vasos y tazas sin usar - Fundaci\u00f3n Internacional WeLoveU\" \/>\n<meta property=\"og:description\" content=\"Dado que la cantidad de residuos desechables ha aumentado considerablemente debido a la COVID-19, el Ministerio de Medio Ambiente de Corea ha tomado medidas para reducir el uso de productos desechables para el medio ambiente sostenible de la Tierra. Anunciaron que a partir del 24 de noviembre quedar\u00e1 prohibida la venta de bolsas de pl\u00e1stico...\" \/>\n<meta property=\"og:url\" content=\"https:\/\/intlweloveu.org\/es\/clean-action-monthly-challenge-221130\/\" \/>\n<meta property=\"og:site_name\" content=\"Fundaci\u00f3n Internacional WeLoveU\" \/>\n<meta property=\"article:published_time\" content=\"2022-11-30T07:00:00+00:00\" \/>\n<meta property=\"article:modified_time\" content=\"2026-02-05T08:21:07+00:00\" \/>\n<meta property=\"og:image\" content=\"https:\/\/intlweloveu.org\/wp-content\/uploads\/2022\/11\/thum_clean_action_monthly_challenge_221130.jpg\" \/>\n\t<meta property=\"og:image:width\" content=\"1920\" \/>\n\t<meta property=\"og:image:height\" content=\"1080\" \/>\n\t<meta property=\"og:image:type\" content=\"image\/jpeg\" \/>\n<meta name=\"author\" content=\"\uc548 \uc9c0\uc601\" \/>\n<meta name=\"twitter:card\" content=\"summary_large_image\" \/>\n<meta name=\"twitter:label1\" content=\"Escrito por\" \/>\n\t<meta name=\"twitter:data1\" content=\"\uc548 \uc9c0\uc601\" \/>\n\t<meta name=\"twitter:label2\" content=\"Tiempo de lectura\" \/>\n\t<meta name=\"twitter:data2\" content=\"11 minutos\" \/>\n<script type=\"application\/ld+json\" class=\"yoast-schema-graph\">{\"@context\":\"https:\/\/schema.org\",\"@graph\":[{\"@type\":\"Article\",\"@id\":\"https:\/\/intlweloveu.org\/es\/clean-action-monthly-challenge-221130\/#article\",\"isPartOf\":{\"@id\":\"https:\/\/intlweloveu.org\/es\/clean-action-monthly-challenge-221130\/\"},\"author\":{\"name\":\"\uc548 \uc9c0\uc601\",\"@id\":\"https:\/\/intlweloveu.org\/#\/schema\/person\/1a1e923e29d2067adcfb1c90e5f0c607\"},\"headline\":\"Use vasos y tazas sin usar\",\"datePublished\":\"2022-11-30T07:00:00+00:00\",\"dateModified\":\"2026-02-05T08:21:07+00:00\",\"mainEntityOfPage\":{\"@id\":\"https:\/\/intlweloveu.org\/es\/clean-action-monthly-challenge-221130\/\"},\"wordCount\":1045,\"image\":{\"@id\":\"https:\/\/intlweloveu.org\/es\/clean-action-monthly-challenge-221130\/#primaryimage\"},\"thumbnailUrl\":\"https:\/\/intlweloveu.org\/wp-content\/uploads\/2022\/11\/thum_clean_action_monthly_challenge_221130.jpg\",\"articleSection\":[\"Acci\u00f3n por el clima\",\"Acci\u00f3n por la Limpieza\",\"Con los ODS\",\"Noticias de campa\u00f1a\",\"Noticias de proyectos\",\"Proteccion medioambiental\",\"Protecci\u00f3n medioambiental\",\"Salvemos la Tierra\"],\"inLanguage\":\"es\"},{\"@type\":\"WebPage\",\"@id\":\"https:\/\/intlweloveu.org\/es\/clean-action-monthly-challenge-221130\/\",\"url\":\"https:\/\/intlweloveu.org\/es\/clean-action-monthly-challenge-221130\/\",\"name\":\"Use vasos y tazas sin usar - Fundaci\u00f3n Internacional WeLoveU\",\"isPartOf\":{\"@id\":\"https:\/\/intlweloveu.org\/#website\"},\"primaryImageOfPage\":{\"@id\":\"https:\/\/intlweloveu.org\/es\/clean-action-monthly-challenge-221130\/#primaryimage\"},\"image\":{\"@id\":\"https:\/\/intlweloveu.org\/es\/clean-action-monthly-challenge-221130\/#primaryimage\"},\"thumbnailUrl\":\"https:\/\/intlweloveu.org\/wp-content\/uploads\/2022\/11\/thum_clean_action_monthly_challenge_221130.jpg\",\"datePublished\":\"2022-11-30T07:00:00+00:00\",\"dateModified\":\"2026-02-05T08:21:07+00:00\",\"author\":{\"@id\":\"https:\/\/intlweloveu.org\/#\/schema\/person\/1a1e923e29d2067adcfb1c90e5f0c607\"},\"breadcrumb\":{\"@id\":\"https:\/\/intlweloveu.org\/es\/clean-action-monthly-challenge-221130\/#breadcrumb\"},\"inLanguage\":\"es\",\"potentialAction\":[{\"@type\":\"ReadAction\",\"target\":[\"https:\/\/intlweloveu.org\/es\/clean-action-monthly-challenge-221130\/\"]}]},{\"@type\":\"ImageObject\",\"inLanguage\":\"es\",\"@id\":\"https:\/\/intlweloveu.org\/es\/clean-action-monthly-challenge-221130\/#primaryimage\",\"url\":\"https:\/\/intlweloveu.org\/wp-content\/uploads\/2022\/11\/thum_clean_action_monthly_challenge_221130.jpg\",\"contentUrl\":\"https:\/\/intlweloveu.org\/wp-content\/uploads\/2022\/11\/thum_clean_action_monthly_challenge_221130.jpg\",\"width\":1920,\"height\":1080},{\"@type\":\"BreadcrumbList\",\"@id\":\"https:\/\/intlweloveu.org\/es\/clean-action-monthly-challenge-221130\/#breadcrumb\",\"itemListElement\":[{\"@type\":\"ListItem\",\"position\":1,\"name\":\"\ud648\",\"item\":\"https:\/\/intlweloveu.org\/es\/\"},{\"@type\":\"ListItem\",\"position\":2,\"name\":\"Use vasos y tazas sin usar\"}]},{\"@type\":\"WebSite\",\"@id\":\"https:\/\/intlweloveu.org\/#website\",\"url\":\"https:\/\/intlweloveu.org\/\",\"name\":\"The Intl. WeLoveU Foundation\",\"description\":\"El Amor de la Madre al Mundo Entero\",\"alternateName\":\"\uad6d\uc81c\uc704\ub7ec\ube0c\uc720\uc6b4\ub3d9\ubcf8\ubd80\",\"potentialAction\":[{\"@type\":\"SearchAction\",\"target\":{\"@type\":\"EntryPoint\",\"urlTemplate\":\"https:\/\/intlweloveu.org\/?s={search_term_string}\"},\"query-input\":{\"@type\":\"PropertyValueSpecification\",\"valueRequired\":true,\"valueName\":\"search_term_string\"}}],\"inLanguage\":\"es\"},{\"@type\":\"Person\",\"@id\":\"https:\/\/intlweloveu.org\/#\/schema\/person\/1a1e923e29d2067adcfb1c90e5f0c607\",\"name\":\"\uc548 \uc9c0\uc601\"}]}<\/script>\n<!-- \/ Yoast SEO plugin. -->","yoast_head_json":{"title":"Use vasos y tazas sin usar - Fundaci\u00f3n Internacional WeLoveU","robots":{"index":"index","follow":"follow","max-snippet":"max-snippet:-1","max-image-preview":"max-image-preview:large","max-video-preview":"max-video-preview:-1"},"canonical":"https:\/\/intlweloveu.org\/es\/clean-action-monthly-challenge-221130\/","og_locale":"es_ES","og_type":"article","og_title":"Use vasos y tazas sin usar - Fundaci\u00f3n Internacional WeLoveU","og_description":"Dado que la cantidad de residuos desechables ha aumentado considerablemente debido a la COVID-19, el Ministerio de Medio Ambiente de Corea ha tomado medidas para reducir el uso de productos desechables para el medio ambiente sostenible de la Tierra. Anunciaron que a partir del 24 de noviembre quedar\u00e1 prohibida la venta de bolsas de pl\u00e1stico...","og_url":"https:\/\/intlweloveu.org\/es\/clean-action-monthly-challenge-221130\/","og_site_name":"Fundaci\u00f3n Internacional WeLoveU","article_published_time":"2022-11-30T07:00:00+00:00","article_modified_time":"2026-02-05T08:21:07+00:00","og_image":[{"width":1920,"height":1080,"url":"https:\/\/intlweloveu.org\/wp-content\/uploads\/2022\/11\/thum_clean_action_monthly_challenge_221130.jpg","type":"image\/jpeg"}],"author":"\uc548 \uc9c0\uc601","twitter_card":"summary_large_image","twitter_misc":{"Escrito por":"\uc548 \uc9c0\uc601","Tiempo de lectura":"11 minutos"},"schema":{"@context":"https:\/\/schema.org","@graph":[{"@type":"Article","@id":"https:\/\/intlweloveu.org\/es\/clean-action-monthly-challenge-221130\/#article","isPartOf":{"@id":"https:\/\/intlweloveu.org\/es\/clean-action-monthly-challenge-221130\/"},"author":{"name":"\uc548 \uc9c0\uc601","@id":"https:\/\/intlweloveu.org\/#\/schema\/person\/1a1e923e29d2067adcfb1c90e5f0c607"},"headline":"Use vasos y tazas sin usar","datePublished":"2022-11-30T07:00:00+00:00","dateModified":"2026-02-05T08:21:07+00:00","mainEntityOfPage":{"@id":"https:\/\/intlweloveu.org\/es\/clean-action-monthly-challenge-221130\/"},"wordCount":1045,"image":{"@id":"https:\/\/intlweloveu.org\/es\/clean-action-monthly-challenge-221130\/#primaryimage"},"thumbnailUrl":"https:\/\/intlweloveu.org\/wp-content\/uploads\/2022\/11\/thum_clean_action_monthly_challenge_221130.jpg","articleSection":["Acci\u00f3n por el clima","Acci\u00f3n por la Limpieza","Con los ODS","Noticias de campa\u00f1a","Noticias de proyectos","Proteccion medioambiental","Protecci\u00f3n medioambiental","Salvemos la Tierra"],"inLanguage":"es"},{"@type":"WebPage","@id":"https:\/\/intlweloveu.org\/es\/clean-action-monthly-challenge-221130\/","url":"https:\/\/intlweloveu.org\/es\/clean-action-monthly-challenge-221130\/","name":"Use vasos y tazas sin usar - Fundaci\u00f3n Internacional WeLoveU","isPartOf":{"@id":"https:\/\/intlweloveu.org\/#website"},"primaryImageOfPage":{"@id":"https:\/\/intlweloveu.org\/es\/clean-action-monthly-challenge-221130\/#primaryimage"},"image":{"@id":"https:\/\/intlweloveu.org\/es\/clean-action-monthly-challenge-221130\/#primaryimage"},"thumbnailUrl":"https:\/\/intlweloveu.org\/wp-content\/uploads\/2022\/11\/thum_clean_action_monthly_challenge_221130.jpg","datePublished":"2022-11-30T07:00:00+00:00","dateModified":"2026-02-05T08:21:07+00:00","author":{"@id":"https:\/\/intlweloveu.org\/#\/schema\/person\/1a1e923e29d2067adcfb1c90e5f0c607"},"breadcrumb":{"@id":"https:\/\/intlweloveu.org\/es\/clean-action-monthly-challenge-221130\/#breadcrumb"},"inLanguage":"es","potentialAction":[{"@type":"ReadAction","target":["https:\/\/intlweloveu.org\/es\/clean-action-monthly-challenge-221130\/"]}]},{"@type":"ImageObject","inLanguage":"es","@id":"https:\/\/intlweloveu.org\/es\/clean-action-monthly-challenge-221130\/#primaryimage","url":"https:\/\/intlweloveu.org\/wp-content\/uploads\/2022\/11\/thum_clean_action_monthly_challenge_221130.jpg","contentUrl":"https:\/\/intlweloveu.org\/wp-content\/uploads\/2022\/11\/thum_clean_action_monthly_challenge_221130.jpg","width":1920,"height":1080},{"@type":"BreadcrumbList","@id":"https:\/\/intlweloveu.org\/es\/clean-action-monthly-challenge-221130\/#breadcrumb","itemListElement":[{"@type":"ListItem","position":1,"name":"\ud648","item":"https:\/\/intlweloveu.org\/es\/"},{"@type":"ListItem","position":2,"name":"Use vasos y tazas sin usar"}]},{"@type":"WebSite","@id":"https:\/\/intlweloveu.org\/#website","url":"https:\/\/intlweloveu.org\/","name":"The Intl. WeLoveU Foundation","description":"El Amor de la Madre al Mundo Entero","alternateName":"\uad6d\uc81c\uc704\ub7ec\ube0c\uc720\uc6b4\ub3d9\ubcf8\ubd80","potentialAction":[{"@type":"SearchAction","target":{"@type":"EntryPoint","urlTemplate":"https:\/\/intlweloveu.org\/?s={search_term_string}"},"query-input":{"@type":"PropertyValueSpecification","valueRequired":true,"valueName":"search_term_string"}}],"inLanguage":"es"},{"@type":"Person","@id":"https:\/\/intlweloveu.org\/#\/schema\/person\/1a1e923e29d2067adcfb1c90e5f0c607","name":"\uc548 \uc9c0\uc601"}]}},"_links":{"self":[{"href":"https:\/\/intlweloveu.org\/es\/wp-json\/wp\/v2\/posts\/20364","targetHints":{"allow":["GET"]}}],"collection":[{"href":"https:\/\/intlweloveu.org\/es\/wp-json\/wp\/v2\/posts"}],"about":[{"href":"https:\/\/intlweloveu.org\/es\/wp-json\/wp\/v2\/types\/post"}],"author":[{"embeddable":true,"href":"https:\/\/intlweloveu.org\/es\/wp-json\/wp\/v2\/users\/9"}],"replies":[{"embeddable":true,"href":"https:\/\/intlweloveu.org\/es\/wp-json\/wp\/v2\/comments?post=20364"}],"version-history":[{"count":5,"href":"https:\/\/intlweloveu.org\/es\/wp-json\/wp\/v2\/posts\/20364\/revisions"}],"predecessor-version":[{"id":20904,"href":"https:\/\/intlweloveu.org\/es\/wp-json\/wp\/v2\/posts\/20364\/revisions\/20904"}],"wp:featuredmedia":[{"embeddable":true,"href":"https:\/\/intlweloveu.org\/es\/wp-json\/wp\/v2\/media\/20365"}],"wp:attachment":[{"href":"https:\/\/intlweloveu.org\/es\/wp-json\/wp\/v2\/media?parent=20364"}],"wp:term":[{"taxonomy":"category","embeddable":true,"href":"https:\/\/intlweloveu.org\/es\/wp-json\/wp\/v2\/categories?post=20364"},{"taxonomy":"post_tag","embeddable":true,"href":"https:\/\/intlweloveu.org\/es\/wp-json\/wp\/v2\/tags?post=20364"}],"curies":[{"name":"wp","href":"https:\/\/api.w.org\/{rel}","templated":true}]}}