{"id":19003,"date":"2003-09-17T06:57:00","date_gmt":"2003-09-17T06:57:00","guid":{"rendered":"https:\/\/intlweloveu.org\/volunteer-service-at-the-flood-damaged-area-in-masan\/"},"modified":"2026-01-22T08:59:16","modified_gmt":"2026-01-22T08:59:16","slug":"volunteer-service-at-the-flood-damaged-area-in-masan","status":"publish","type":"post","link":"https:\/\/intlweloveu.org\/es\/volunteer-service-at-the-flood-damaged-area-in-masan\/","title":{"rendered":"Servicio voluntario en la zona afectada por las inundaciones en Masan"},"content":{"rendered":"<figure class=\"wp-block-image size-full\"><img loading=\"lazy\" decoding=\"async\" width=\"1920\" height=\"1247\" src=\"https:\/\/intlweloveu.org\/wp-content\/uploads\/2003\/09\/thum_030917_flood_damaged_area_in_masan1.jpg\" alt=\"\" class=\"wp-image-18989\" srcset=\"https:\/\/intlweloveu.org\/wp-content\/uploads\/2003\/09\/thum_030917_flood_damaged_area_in_masan1.jpg 1920w, https:\/\/intlweloveu.org\/wp-content\/uploads\/2003\/09\/thum_030917_flood_damaged_area_in_masan1-768x499.jpg 768w, https:\/\/intlweloveu.org\/wp-content\/uploads\/2003\/09\/thum_030917_flood_damaged_area_in_masan1-1536x998.jpg 1536w, https:\/\/intlweloveu.org\/wp-content\/uploads\/2003\/09\/thum_030917_flood_damaged_area_in_masan1-770x500.jpg 770w\" sizes=\"auto, (max-width: 1920px) 100vw, 1920px\" \/><\/figure>\n<h2 class=\"wp-block-heading\"><strong>Esperamos que se levanten de nuevo sin perder la esperanza<\/strong><\/h2>\n<p>El tif\u00f3n \u201cMaemi\u201d azot\u00f3 la ciudad de Masan y dej\u00f3 enormes da\u00f1os y profunda desdicha de los ciudadanos.<\/p>\n<p>El 17 y 18 de septiembre, los miembros de la Fundaci\u00f3n de Bienestar Nueva Vida en la regi\u00f3n de Masan consolaron a los ciudadanos en desesperaci\u00f3n y animaron a otros voluntarios que realizaban esfuerzos de socorro, en Haeun-dong, Gapo-dong y los mercados pesqueros en Masan.<\/p>\n<p>Ayudaron a los ciudadanos y a otros voluntarios que se esforzaban por restaurar la zona afectada, ofreciendo fideos instant\u00e1neos y comida, y repartiendo bebidas y refrescos en un carrito. La Fundaci\u00f3n de Bienestar Nueva Vida espera ansiosamente que muchas v\u00edctimas, que sufren mental y f\u00edsicamente por el tif\u00f3n Maemi, superen las pruebas y se levanten de nuevo sin perder la esperanza.<\/p>\n<figure class=\"wp-block-gallery has-nested-images columns-1 is-cropped wp-block-gallery-1 is-layout-flex wp-block-gallery-is-layout-flex\">\n<figure class=\"wp-block-image size-large\"><img loading=\"lazy\" decoding=\"async\" width=\"1170\" height=\"550\" data-id=\"18990\" src=\"https:\/\/intlweloveu.org\/wp-content\/uploads\/2003\/09\/thum_030917_flood_damaged_area_in_masan2.jpg\" alt=\"\" class=\"wp-image-18990\" srcset=\"https:\/\/intlweloveu.org\/wp-content\/uploads\/2003\/09\/thum_030917_flood_damaged_area_in_masan2.jpg 1170w, https:\/\/intlweloveu.org\/wp-content\/uploads\/2003\/09\/thum_030917_flood_damaged_area_in_masan2-768x361.jpg 768w, https:\/\/intlweloveu.org\/wp-content\/uploads\/2003\/09\/thum_030917_flood_damaged_area_in_masan2-860x404.jpg 860w\" sizes=\"auto, (max-width: 1170px) 100vw, 1170px\" \/><\/figure>\n<figure class=\"wp-block-image size-large\"><img loading=\"lazy\" decoding=\"async\" width=\"1170\" height=\"550\" data-id=\"18991\" src=\"https:\/\/intlweloveu.org\/wp-content\/uploads\/2003\/09\/thum_030917_flood_damaged_area_in_masan3.jpg\" alt=\"\" class=\"wp-image-18991\" srcset=\"https:\/\/intlweloveu.org\/wp-content\/uploads\/2003\/09\/thum_030917_flood_damaged_area_in_masan3.jpg 1170w, https:\/\/intlweloveu.org\/wp-content\/uploads\/2003\/09\/thum_030917_flood_damaged_area_in_masan3-768x361.jpg 768w, https:\/\/intlweloveu.org\/wp-content\/uploads\/2003\/09\/thum_030917_flood_damaged_area_in_masan3-860x404.jpg 860w\" sizes=\"auto, (max-width: 1170px) 100vw, 1170px\" \/><\/figure>\n<\/figure>\n","protected":false},"excerpt":{"rendered":"Esperamos que se levanten de nuevo sin perder la esperanza El tif\u00f3n \u201cMaemi\u201d azot\u00f3 la ciudad de Masan y dej\u00f3 enormes da\u00f1os y profunda desdicha de los ciudadanos. El 17 y 18 de septiembre, los miembros de la Fundaci\u00f3n de Bienestar Nueva Vida en la regi\u00f3n de Masan consolaron a los ciudadanos en desesperaci\u00f3n y&#8230;","protected":false},"author":2,"featured_media":24541,"comment_status":"closed","ping_status":"closed","sticky":false,"template":"","format":"standard","meta":{"footnotes":""},"categories":[125,55,58,69],"tags":[],"class_list":["post-19003","post","type-post","status-publish","format-standard","has-post-thumbnail","hentry","category-community-well-being","category-sdgs","category-news","category-sdgs-good-health-well-being"],"yoast_head":"<!-- This site is optimized with the Yoast SEO plugin v26.8 - https:\/\/yoast.com\/product\/yoast-seo-wordpress\/ -->\n<title>Servicio voluntario en la zona afectada por las inundaciones en Masan - Fundaci\u00f3n Internacional WeLoveU<\/title>\n<meta name=\"robots\" content=\"index, follow, max-snippet:-1, max-image-preview:large, max-video-preview:-1\" \/>\n<link rel=\"canonical\" href=\"https:\/\/intlweloveu.org\/es\/volunteer-service-at-the-flood-damaged-area-in-masan\/\" \/>\n<meta property=\"og:locale\" content=\"es_ES\" \/>\n<meta property=\"og:type\" content=\"article\" \/>\n<meta property=\"og:title\" content=\"Servicio voluntario en la zona afectada por las inundaciones en Masan - Fundaci\u00f3n Internacional WeLoveU\" \/>\n<meta property=\"og:description\" content=\"Esperamos que se levanten de nuevo sin perder la esperanza El tif\u00f3n \u201cMaemi\u201d azot\u00f3 la ciudad de Masan y dej\u00f3 enormes da\u00f1os y profunda desdicha de los ciudadanos. El 17 y 18 de septiembre, los miembros de la Fundaci\u00f3n de Bienestar Nueva Vida en la regi\u00f3n de Masan consolaron a los ciudadanos en desesperaci\u00f3n y...\" \/>\n<meta property=\"og:url\" content=\"https:\/\/intlweloveu.org\/es\/volunteer-service-at-the-flood-damaged-area-in-masan\/\" \/>\n<meta property=\"og:site_name\" content=\"Fundaci\u00f3n Internacional WeLoveU\" \/>\n<meta property=\"article:published_time\" content=\"2003-09-17T06:57:00+00:00\" \/>\n<meta property=\"article:modified_time\" content=\"2026-01-22T08:59:16+00:00\" \/>\n<meta property=\"og:image\" content=\"https:\/\/intlweloveu.org\/wp-content\/uploads\/2003\/09\/thum_030917_flood_damaged_area_in_masan1.jpg\" \/>\n\t<meta property=\"og:image:width\" content=\"1920\" \/>\n\t<meta property=\"og:image:height\" content=\"1247\" \/>\n\t<meta property=\"og:image:type\" content=\"image\/jpeg\" \/>\n<meta name=\"author\" content=\"j hj\" \/>\n<meta name=\"twitter:card\" content=\"summary_large_image\" \/>\n<meta name=\"twitter:label1\" content=\"Escrito por\" \/>\n\t<meta name=\"twitter:data1\" content=\"j hj\" \/>\n\t<meta name=\"twitter:label2\" content=\"Tiempo de lectura\" \/>\n\t<meta name=\"twitter:data2\" content=\"2 minutos\" \/>\n<script type=\"application\/ld+json\" class=\"yoast-schema-graph\">{\"@context\":\"https:\/\/schema.org\",\"@graph\":[{\"@type\":\"Article\",\"@id\":\"https:\/\/intlweloveu.org\/es\/volunteer-service-at-the-flood-damaged-area-in-masan\/#article\",\"isPartOf\":{\"@id\":\"https:\/\/intlweloveu.org\/es\/volunteer-service-at-the-flood-damaged-area-in-masan\/\"},\"author\":{\"name\":\"j hj\",\"@id\":\"https:\/\/intlweloveu.org\/#\/schema\/person\/af9821c1453edeccd996f59fcfe63b45\"},\"headline\":\"Servicio voluntario en la zona afectada por las inundaciones en Masan\",\"datePublished\":\"2003-09-17T06:57:00+00:00\",\"dateModified\":\"2026-01-22T08:59:16+00:00\",\"mainEntityOfPage\":{\"@id\":\"https:\/\/intlweloveu.org\/es\/volunteer-service-at-the-flood-damaged-area-in-masan\/\"},\"wordCount\":153,\"image\":{\"@id\":\"https:\/\/intlweloveu.org\/es\/volunteer-service-at-the-flood-damaged-area-in-masan\/#primaryimage\"},\"thumbnailUrl\":\"https:\/\/intlweloveu.org\/wp-content\/uploads\/2003\/09\/thum_030917_flood_damaged_area_in_masan1.jpg\",\"articleSection\":[\"Bienestar de la comunidad\",\"Con los ODS\",\"Noticias de proyectos\",\"Salud y bienestar\"],\"inLanguage\":\"es\"},{\"@type\":\"WebPage\",\"@id\":\"https:\/\/intlweloveu.org\/es\/volunteer-service-at-the-flood-damaged-area-in-masan\/\",\"url\":\"https:\/\/intlweloveu.org\/es\/volunteer-service-at-the-flood-damaged-area-in-masan\/\",\"name\":\"Servicio voluntario en la zona afectada por las inundaciones en Masan - Fundaci\u00f3n Internacional WeLoveU\",\"isPartOf\":{\"@id\":\"https:\/\/intlweloveu.org\/#website\"},\"primaryImageOfPage\":{\"@id\":\"https:\/\/intlweloveu.org\/es\/volunteer-service-at-the-flood-damaged-area-in-masan\/#primaryimage\"},\"image\":{\"@id\":\"https:\/\/intlweloveu.org\/es\/volunteer-service-at-the-flood-damaged-area-in-masan\/#primaryimage\"},\"thumbnailUrl\":\"https:\/\/intlweloveu.org\/wp-content\/uploads\/2003\/09\/thum_030917_flood_damaged_area_in_masan1.jpg\",\"datePublished\":\"2003-09-17T06:57:00+00:00\",\"dateModified\":\"2026-01-22T08:59:16+00:00\",\"author\":{\"@id\":\"https:\/\/intlweloveu.org\/#\/schema\/person\/af9821c1453edeccd996f59fcfe63b45\"},\"breadcrumb\":{\"@id\":\"https:\/\/intlweloveu.org\/es\/volunteer-service-at-the-flood-damaged-area-in-masan\/#breadcrumb\"},\"inLanguage\":\"es\",\"potentialAction\":[{\"@type\":\"ReadAction\",\"target\":[\"https:\/\/intlweloveu.org\/es\/volunteer-service-at-the-flood-damaged-area-in-masan\/\"]}]},{\"@type\":\"ImageObject\",\"inLanguage\":\"es\",\"@id\":\"https:\/\/intlweloveu.org\/es\/volunteer-service-at-the-flood-damaged-area-in-masan\/#primaryimage\",\"url\":\"https:\/\/intlweloveu.org\/wp-content\/uploads\/2003\/09\/thum_030917_flood_damaged_area_in_masan1.jpg\",\"contentUrl\":\"https:\/\/intlweloveu.org\/wp-content\/uploads\/2003\/09\/thum_030917_flood_damaged_area_in_masan1.jpg\",\"width\":1920,\"height\":1247},{\"@type\":\"BreadcrumbList\",\"@id\":\"https:\/\/intlweloveu.org\/es\/volunteer-service-at-the-flood-damaged-area-in-masan\/#breadcrumb\",\"itemListElement\":[{\"@type\":\"ListItem\",\"position\":1,\"name\":\"\ud648\",\"item\":\"https:\/\/intlweloveu.org\/es\/\"},{\"@type\":\"ListItem\",\"position\":2,\"name\":\"Servicio voluntario en la zona afectada por las inundaciones en Masan\"}]},{\"@type\":\"WebSite\",\"@id\":\"https:\/\/intlweloveu.org\/#website\",\"url\":\"https:\/\/intlweloveu.org\/\",\"name\":\"The Intl. WeLoveU Foundation\",\"description\":\"El Amor de la Madre al Mundo Entero\",\"alternateName\":\"\uad6d\uc81c\uc704\ub7ec\ube0c\uc720\uc6b4\ub3d9\ubcf8\ubd80\",\"potentialAction\":[{\"@type\":\"SearchAction\",\"target\":{\"@type\":\"EntryPoint\",\"urlTemplate\":\"https:\/\/intlweloveu.org\/?s={search_term_string}\"},\"query-input\":{\"@type\":\"PropertyValueSpecification\",\"valueRequired\":true,\"valueName\":\"search_term_string\"}}],\"inLanguage\":\"es\"},{\"@type\":\"Person\",\"@id\":\"https:\/\/intlweloveu.org\/#\/schema\/person\/af9821c1453edeccd996f59fcfe63b45\",\"name\":\"j hj\"}]}<\/script>\n<!-- \/ Yoast SEO plugin. -->","yoast_head_json":{"title":"Servicio voluntario en la zona afectada por las inundaciones en Masan - Fundaci\u00f3n Internacional WeLoveU","robots":{"index":"index","follow":"follow","max-snippet":"max-snippet:-1","max-image-preview":"max-image-preview:large","max-video-preview":"max-video-preview:-1"},"canonical":"https:\/\/intlweloveu.org\/es\/volunteer-service-at-the-flood-damaged-area-in-masan\/","og_locale":"es_ES","og_type":"article","og_title":"Servicio voluntario en la zona afectada por las inundaciones en Masan - Fundaci\u00f3n Internacional WeLoveU","og_description":"Esperamos que se levanten de nuevo sin perder la esperanza El tif\u00f3n \u201cMaemi\u201d azot\u00f3 la ciudad de Masan y dej\u00f3 enormes da\u00f1os y profunda desdicha de los ciudadanos. El 17 y 18 de septiembre, los miembros de la Fundaci\u00f3n de Bienestar Nueva Vida en la regi\u00f3n de Masan consolaron a los ciudadanos en desesperaci\u00f3n y...","og_url":"https:\/\/intlweloveu.org\/es\/volunteer-service-at-the-flood-damaged-area-in-masan\/","og_site_name":"Fundaci\u00f3n Internacional WeLoveU","article_published_time":"2003-09-17T06:57:00+00:00","article_modified_time":"2026-01-22T08:59:16+00:00","og_image":[{"width":1920,"height":1247,"url":"https:\/\/intlweloveu.org\/wp-content\/uploads\/2003\/09\/thum_030917_flood_damaged_area_in_masan1.jpg","type":"image\/jpeg"}],"author":"j hj","twitter_card":"summary_large_image","twitter_misc":{"Escrito por":"j hj","Tiempo de lectura":"2 minutos"},"schema":{"@context":"https:\/\/schema.org","@graph":[{"@type":"Article","@id":"https:\/\/intlweloveu.org\/es\/volunteer-service-at-the-flood-damaged-area-in-masan\/#article","isPartOf":{"@id":"https:\/\/intlweloveu.org\/es\/volunteer-service-at-the-flood-damaged-area-in-masan\/"},"author":{"name":"j hj","@id":"https:\/\/intlweloveu.org\/#\/schema\/person\/af9821c1453edeccd996f59fcfe63b45"},"headline":"Servicio voluntario en la zona afectada por las inundaciones en Masan","datePublished":"2003-09-17T06:57:00+00:00","dateModified":"2026-01-22T08:59:16+00:00","mainEntityOfPage":{"@id":"https:\/\/intlweloveu.org\/es\/volunteer-service-at-the-flood-damaged-area-in-masan\/"},"wordCount":153,"image":{"@id":"https:\/\/intlweloveu.org\/es\/volunteer-service-at-the-flood-damaged-area-in-masan\/#primaryimage"},"thumbnailUrl":"https:\/\/intlweloveu.org\/wp-content\/uploads\/2003\/09\/thum_030917_flood_damaged_area_in_masan1.jpg","articleSection":["Bienestar de la comunidad","Con los ODS","Noticias de proyectos","Salud y bienestar"],"inLanguage":"es"},{"@type":"WebPage","@id":"https:\/\/intlweloveu.org\/es\/volunteer-service-at-the-flood-damaged-area-in-masan\/","url":"https:\/\/intlweloveu.org\/es\/volunteer-service-at-the-flood-damaged-area-in-masan\/","name":"Servicio voluntario en la zona afectada por las inundaciones en Masan - Fundaci\u00f3n Internacional WeLoveU","isPartOf":{"@id":"https:\/\/intlweloveu.org\/#website"},"primaryImageOfPage":{"@id":"https:\/\/intlweloveu.org\/es\/volunteer-service-at-the-flood-damaged-area-in-masan\/#primaryimage"},"image":{"@id":"https:\/\/intlweloveu.org\/es\/volunteer-service-at-the-flood-damaged-area-in-masan\/#primaryimage"},"thumbnailUrl":"https:\/\/intlweloveu.org\/wp-content\/uploads\/2003\/09\/thum_030917_flood_damaged_area_in_masan1.jpg","datePublished":"2003-09-17T06:57:00+00:00","dateModified":"2026-01-22T08:59:16+00:00","author":{"@id":"https:\/\/intlweloveu.org\/#\/schema\/person\/af9821c1453edeccd996f59fcfe63b45"},"breadcrumb":{"@id":"https:\/\/intlweloveu.org\/es\/volunteer-service-at-the-flood-damaged-area-in-masan\/#breadcrumb"},"inLanguage":"es","potentialAction":[{"@type":"ReadAction","target":["https:\/\/intlweloveu.org\/es\/volunteer-service-at-the-flood-damaged-area-in-masan\/"]}]},{"@type":"ImageObject","inLanguage":"es","@id":"https:\/\/intlweloveu.org\/es\/volunteer-service-at-the-flood-damaged-area-in-masan\/#primaryimage","url":"https:\/\/intlweloveu.org\/wp-content\/uploads\/2003\/09\/thum_030917_flood_damaged_area_in_masan1.jpg","contentUrl":"https:\/\/intlweloveu.org\/wp-content\/uploads\/2003\/09\/thum_030917_flood_damaged_area_in_masan1.jpg","width":1920,"height":1247},{"@type":"BreadcrumbList","@id":"https:\/\/intlweloveu.org\/es\/volunteer-service-at-the-flood-damaged-area-in-masan\/#breadcrumb","itemListElement":[{"@type":"ListItem","position":1,"name":"\ud648","item":"https:\/\/intlweloveu.org\/es\/"},{"@type":"ListItem","position":2,"name":"Servicio voluntario en la zona afectada por las inundaciones en Masan"}]},{"@type":"WebSite","@id":"https:\/\/intlweloveu.org\/#website","url":"https:\/\/intlweloveu.org\/","name":"The Intl. WeLoveU Foundation","description":"El Amor de la Madre al Mundo Entero","alternateName":"\uad6d\uc81c\uc704\ub7ec\ube0c\uc720\uc6b4\ub3d9\ubcf8\ubd80","potentialAction":[{"@type":"SearchAction","target":{"@type":"EntryPoint","urlTemplate":"https:\/\/intlweloveu.org\/?s={search_term_string}"},"query-input":{"@type":"PropertyValueSpecification","valueRequired":true,"valueName":"search_term_string"}}],"inLanguage":"es"},{"@type":"Person","@id":"https:\/\/intlweloveu.org\/#\/schema\/person\/af9821c1453edeccd996f59fcfe63b45","name":"j hj"}]}},"_links":{"self":[{"href":"https:\/\/intlweloveu.org\/es\/wp-json\/wp\/v2\/posts\/19003","targetHints":{"allow":["GET"]}}],"collection":[{"href":"https:\/\/intlweloveu.org\/es\/wp-json\/wp\/v2\/posts"}],"about":[{"href":"https:\/\/intlweloveu.org\/es\/wp-json\/wp\/v2\/types\/post"}],"author":[{"embeddable":true,"href":"https:\/\/intlweloveu.org\/es\/wp-json\/wp\/v2\/users\/2"}],"replies":[{"embeddable":true,"href":"https:\/\/intlweloveu.org\/es\/wp-json\/wp\/v2\/comments?post=19003"}],"version-history":[{"count":1,"href":"https:\/\/intlweloveu.org\/es\/wp-json\/wp\/v2\/posts\/19003\/revisions"}],"predecessor-version":[{"id":19009,"href":"https:\/\/intlweloveu.org\/es\/wp-json\/wp\/v2\/posts\/19003\/revisions\/19009"}],"wp:featuredmedia":[{"embeddable":true,"href":"https:\/\/intlweloveu.org\/es\/wp-json\/wp\/v2\/media\/24541"}],"wp:attachment":[{"href":"https:\/\/intlweloveu.org\/es\/wp-json\/wp\/v2\/media?parent=19003"}],"wp:term":[{"taxonomy":"category","embeddable":true,"href":"https:\/\/intlweloveu.org\/es\/wp-json\/wp\/v2\/categories?post=19003"},{"taxonomy":"post_tag","embeddable":true,"href":"https:\/\/intlweloveu.org\/es\/wp-json\/wp\/v2\/tags?post=19003"}],"curies":[{"name":"wp","href":"https:\/\/api.w.org\/{rel}","templated":true}]}}