{"id":16141,"date":"2000-12-28T07:00:00","date_gmt":"2000-12-28T07:00:00","guid":{"rendered":"https:\/\/intlweloveu.org\/the-1st-new-life-concert\/"},"modified":"2025-10-16T00:57:35","modified_gmt":"2025-10-16T00:57:35","slug":"the-1st-new-life-concert","status":"publish","type":"post","link":"https:\/\/intlweloveu.org\/es\/the-1st-new-life-concert\/","title":{"rendered":"1.<sup>er<\/sup>\u00a0Concierto Nueva Vida"},"content":{"rendered":"<figure class=\"wp-block-image size-full\"><img loading=\"lazy\" decoding=\"async\" width=\"1170\" height=\"550\" src=\"https:\/\/intlweloveu.org\/wp-content\/uploads\/2025\/10\/thum_the_1st_new_life_concert.jpg\" alt=\"\" class=\"wp-image-15162\" srcset=\"https:\/\/intlweloveu.org\/wp-content\/uploads\/2025\/10\/thum_the_1st_new_life_concert.jpg 1170w, https:\/\/intlweloveu.org\/wp-content\/uploads\/2025\/10\/thum_the_1st_new_life_concert-768x361.jpg 768w, https:\/\/intlweloveu.org\/wp-content\/uploads\/2025\/10\/thum_the_1st_new_life_concert-860x404.jpg 860w\" sizes=\"auto, (max-width: 1170px) 100vw, 1170px\" \/><\/figure>\n<p>Cuando faltaba solo unos d\u00edas para acabar el a\u00f1o 2000, la Fundaci\u00f3n de Bienestar Nueva Vida realiz\u00f3 el Concierto Nueva Vida.<\/p>\n<p>El 28 de diciembre, el Concierto Nueva Vida tuvo un gran \u00e9xito con el mayor inter\u00e9s de los miembros de la fundaci\u00f3n que valoran la vida humana. Kim Gyu-min y Kim Jae-hun dirigieron el concierto, y los cantantes interpretaron sus canciones con el coraz\u00f3n c\u00e1lido por nuestro pr\u00f3jimo: Yu Yeol, Lee Mu-song, el grupo Human Voice y Lee Seung-hun.<\/p>\n<p>Las donaciones reunidas a trav\u00e9s del concierto se entregaron a cinco ni\u00f1os con enfermedades cardiacas cong\u00e9nitas incluyendo a Kim Sang-gyun. El 10 de enero de 2001, la fundaci\u00f3n entreg\u00f3 una placa de agradecimiento a los artistas que asistieron al 1.<sup>er<\/sup>&nbsp;Concierto Nueva Vida para expresar su gratitud hacia ellos.<\/p>\n","protected":false},"excerpt":{"rendered":"Cuando faltaba solo unos d\u00edas para acabar el a\u00f1o 2000, la Fundaci\u00f3n de Bienestar Nueva Vida realiz\u00f3 el Concierto Nueva Vida. El 28 de diciembre, el Concierto Nueva Vida tuvo un gran \u00e9xito con el mayor inter\u00e9s de los miembros de la fundaci\u00f3n que valoran la vida humana. Kim Gyu-min y Kim Jae-hun dirigieron el&#8230;","protected":false},"author":8,"featured_media":16135,"comment_status":"closed","ping_status":"closed","sticky":false,"template":"","format":"standard","meta":{"footnotes":""},"categories":[55,93,73,110],"tags":[],"class_list":["post-16141","post","type-post","status-publish","format-standard","has-post-thumbnail","hentry","category-sdgs","category-concert","category-campaign-news","category-sdgs-peace"],"yoast_head":"<!-- This site is optimized with the Yoast SEO plugin v26.8 - https:\/\/yoast.com\/product\/yoast-seo-wordpress\/ -->\n<title>1.er\u00a0Concierto Nueva Vida - Fundaci\u00f3n Internacional WeLoveU<\/title>\n<meta name=\"robots\" content=\"index, follow, max-snippet:-1, max-image-preview:large, max-video-preview:-1\" \/>\n<link rel=\"canonical\" href=\"https:\/\/intlweloveu.org\/es\/the-1st-new-life-concert\/\" \/>\n<meta property=\"og:locale\" content=\"es_ES\" \/>\n<meta property=\"og:type\" content=\"article\" \/>\n<meta property=\"og:title\" content=\"1.er\u00a0Concierto Nueva Vida - Fundaci\u00f3n Internacional WeLoveU\" \/>\n<meta property=\"og:description\" content=\"Cuando faltaba solo unos d\u00edas para acabar el a\u00f1o 2000, la Fundaci\u00f3n de Bienestar Nueva Vida realiz\u00f3 el Concierto Nueva Vida. El 28 de diciembre, el Concierto Nueva Vida tuvo un gran \u00e9xito con el mayor inter\u00e9s de los miembros de la fundaci\u00f3n que valoran la vida humana. Kim Gyu-min y Kim Jae-hun dirigieron el...\" \/>\n<meta property=\"og:url\" content=\"https:\/\/intlweloveu.org\/es\/the-1st-new-life-concert\/\" \/>\n<meta property=\"og:site_name\" content=\"Fundaci\u00f3n Internacional WeLoveU\" \/>\n<meta property=\"article:published_time\" content=\"2000-12-28T07:00:00+00:00\" \/>\n<meta property=\"article:modified_time\" content=\"2025-10-16T00:57:35+00:00\" \/>\n<meta property=\"og:image\" content=\"https:\/\/intlweloveu.org\/wp-content\/uploads\/2025\/10\/thum_the_1st_new_life_concert.jpg\" \/>\n\t<meta property=\"og:image:width\" content=\"1170\" \/>\n\t<meta property=\"og:image:height\" content=\"550\" \/>\n\t<meta property=\"og:image:type\" content=\"image\/jpeg\" \/>\n<meta name=\"author\" content=\"\uc815 \uc9c0\uc6b0\" \/>\n<meta name=\"twitter:card\" content=\"summary_large_image\" \/>\n<meta name=\"twitter:label1\" content=\"Escrito por\" \/>\n\t<meta name=\"twitter:data1\" content=\"\uc815 \uc9c0\uc6b0\" \/>\n\t<meta name=\"twitter:label2\" content=\"Tiempo de lectura\" \/>\n\t<meta name=\"twitter:data2\" content=\"2 minutos\" \/>\n<script type=\"application\/ld+json\" class=\"yoast-schema-graph\">{\"@context\":\"https:\/\/schema.org\",\"@graph\":[{\"@type\":\"Article\",\"@id\":\"https:\/\/intlweloveu.org\/es\/the-1st-new-life-concert\/#article\",\"isPartOf\":{\"@id\":\"https:\/\/intlweloveu.org\/es\/the-1st-new-life-concert\/\"},\"author\":{\"name\":\"\uc815 \uc9c0\uc6b0\",\"@id\":\"https:\/\/intlweloveu.org\/#\/schema\/person\/ea759265f3aa06bab539b05700e3871f\"},\"headline\":\"1.er\u00a0Concierto Nueva Vida\",\"datePublished\":\"2000-12-28T07:00:00+00:00\",\"dateModified\":\"2025-10-16T00:57:35+00:00\",\"mainEntityOfPage\":{\"@id\":\"https:\/\/intlweloveu.org\/es\/the-1st-new-life-concert\/\"},\"wordCount\":142,\"image\":{\"@id\":\"https:\/\/intlweloveu.org\/es\/the-1st-new-life-concert\/#primaryimage\"},\"thumbnailUrl\":\"https:\/\/intlweloveu.org\/wp-content\/uploads\/2025\/10\/thum_the_1st_new_life_concert.jpg\",\"articleSection\":[\"Con los ODS\",\"Concierto\",\"Noticias de campa\u00f1a\",\"Paz, justicia e instituciones s\u00f3lidas\"],\"inLanguage\":\"es\"},{\"@type\":\"WebPage\",\"@id\":\"https:\/\/intlweloveu.org\/es\/the-1st-new-life-concert\/\",\"url\":\"https:\/\/intlweloveu.org\/es\/the-1st-new-life-concert\/\",\"name\":\"1.er\u00a0Concierto Nueva Vida - Fundaci\u00f3n Internacional WeLoveU\",\"isPartOf\":{\"@id\":\"https:\/\/intlweloveu.org\/#website\"},\"primaryImageOfPage\":{\"@id\":\"https:\/\/intlweloveu.org\/es\/the-1st-new-life-concert\/#primaryimage\"},\"image\":{\"@id\":\"https:\/\/intlweloveu.org\/es\/the-1st-new-life-concert\/#primaryimage\"},\"thumbnailUrl\":\"https:\/\/intlweloveu.org\/wp-content\/uploads\/2025\/10\/thum_the_1st_new_life_concert.jpg\",\"datePublished\":\"2000-12-28T07:00:00+00:00\",\"dateModified\":\"2025-10-16T00:57:35+00:00\",\"author\":{\"@id\":\"https:\/\/intlweloveu.org\/#\/schema\/person\/ea759265f3aa06bab539b05700e3871f\"},\"breadcrumb\":{\"@id\":\"https:\/\/intlweloveu.org\/es\/the-1st-new-life-concert\/#breadcrumb\"},\"inLanguage\":\"es\",\"potentialAction\":[{\"@type\":\"ReadAction\",\"target\":[\"https:\/\/intlweloveu.org\/es\/the-1st-new-life-concert\/\"]}]},{\"@type\":\"ImageObject\",\"inLanguage\":\"es\",\"@id\":\"https:\/\/intlweloveu.org\/es\/the-1st-new-life-concert\/#primaryimage\",\"url\":\"https:\/\/intlweloveu.org\/wp-content\/uploads\/2025\/10\/thum_the_1st_new_life_concert.jpg\",\"contentUrl\":\"https:\/\/intlweloveu.org\/wp-content\/uploads\/2025\/10\/thum_the_1st_new_life_concert.jpg\",\"width\":1170,\"height\":550},{\"@type\":\"BreadcrumbList\",\"@id\":\"https:\/\/intlweloveu.org\/es\/the-1st-new-life-concert\/#breadcrumb\",\"itemListElement\":[{\"@type\":\"ListItem\",\"position\":1,\"name\":\"\ud648\",\"item\":\"https:\/\/intlweloveu.org\/es\/\"},{\"@type\":\"ListItem\",\"position\":2,\"name\":\"1.er\u00a0Concierto Nueva Vida\"}]},{\"@type\":\"WebSite\",\"@id\":\"https:\/\/intlweloveu.org\/#website\",\"url\":\"https:\/\/intlweloveu.org\/\",\"name\":\"The Intl. WeLoveU Foundation\",\"description\":\"El Amor de la Madre al Mundo Entero\",\"alternateName\":\"\uad6d\uc81c\uc704\ub7ec\ube0c\uc720\uc6b4\ub3d9\ubcf8\ubd80\",\"potentialAction\":[{\"@type\":\"SearchAction\",\"target\":{\"@type\":\"EntryPoint\",\"urlTemplate\":\"https:\/\/intlweloveu.org\/?s={search_term_string}\"},\"query-input\":{\"@type\":\"PropertyValueSpecification\",\"valueRequired\":true,\"valueName\":\"search_term_string\"}}],\"inLanguage\":\"es\"},{\"@type\":\"Person\",\"@id\":\"https:\/\/intlweloveu.org\/#\/schema\/person\/ea759265f3aa06bab539b05700e3871f\",\"name\":\"\uc815 \uc9c0\uc6b0\"}]}<\/script>\n<!-- \/ Yoast SEO plugin. -->","yoast_head_json":{"title":"1.er\u00a0Concierto Nueva Vida - Fundaci\u00f3n Internacional WeLoveU","robots":{"index":"index","follow":"follow","max-snippet":"max-snippet:-1","max-image-preview":"max-image-preview:large","max-video-preview":"max-video-preview:-1"},"canonical":"https:\/\/intlweloveu.org\/es\/the-1st-new-life-concert\/","og_locale":"es_ES","og_type":"article","og_title":"1.er\u00a0Concierto Nueva Vida - Fundaci\u00f3n Internacional WeLoveU","og_description":"Cuando faltaba solo unos d\u00edas para acabar el a\u00f1o 2000, la Fundaci\u00f3n de Bienestar Nueva Vida realiz\u00f3 el Concierto Nueva Vida. El 28 de diciembre, el Concierto Nueva Vida tuvo un gran \u00e9xito con el mayor inter\u00e9s de los miembros de la fundaci\u00f3n que valoran la vida humana. Kim Gyu-min y Kim Jae-hun dirigieron el...","og_url":"https:\/\/intlweloveu.org\/es\/the-1st-new-life-concert\/","og_site_name":"Fundaci\u00f3n Internacional WeLoveU","article_published_time":"2000-12-28T07:00:00+00:00","article_modified_time":"2025-10-16T00:57:35+00:00","og_image":[{"width":1170,"height":550,"url":"https:\/\/intlweloveu.org\/wp-content\/uploads\/2025\/10\/thum_the_1st_new_life_concert.jpg","type":"image\/jpeg"}],"author":"\uc815 \uc9c0\uc6b0","twitter_card":"summary_large_image","twitter_misc":{"Escrito por":"\uc815 \uc9c0\uc6b0","Tiempo de lectura":"2 minutos"},"schema":{"@context":"https:\/\/schema.org","@graph":[{"@type":"Article","@id":"https:\/\/intlweloveu.org\/es\/the-1st-new-life-concert\/#article","isPartOf":{"@id":"https:\/\/intlweloveu.org\/es\/the-1st-new-life-concert\/"},"author":{"name":"\uc815 \uc9c0\uc6b0","@id":"https:\/\/intlweloveu.org\/#\/schema\/person\/ea759265f3aa06bab539b05700e3871f"},"headline":"1.er\u00a0Concierto Nueva Vida","datePublished":"2000-12-28T07:00:00+00:00","dateModified":"2025-10-16T00:57:35+00:00","mainEntityOfPage":{"@id":"https:\/\/intlweloveu.org\/es\/the-1st-new-life-concert\/"},"wordCount":142,"image":{"@id":"https:\/\/intlweloveu.org\/es\/the-1st-new-life-concert\/#primaryimage"},"thumbnailUrl":"https:\/\/intlweloveu.org\/wp-content\/uploads\/2025\/10\/thum_the_1st_new_life_concert.jpg","articleSection":["Con los ODS","Concierto","Noticias de campa\u00f1a","Paz, justicia e instituciones s\u00f3lidas"],"inLanguage":"es"},{"@type":"WebPage","@id":"https:\/\/intlweloveu.org\/es\/the-1st-new-life-concert\/","url":"https:\/\/intlweloveu.org\/es\/the-1st-new-life-concert\/","name":"1.er\u00a0Concierto Nueva Vida - Fundaci\u00f3n Internacional WeLoveU","isPartOf":{"@id":"https:\/\/intlweloveu.org\/#website"},"primaryImageOfPage":{"@id":"https:\/\/intlweloveu.org\/es\/the-1st-new-life-concert\/#primaryimage"},"image":{"@id":"https:\/\/intlweloveu.org\/es\/the-1st-new-life-concert\/#primaryimage"},"thumbnailUrl":"https:\/\/intlweloveu.org\/wp-content\/uploads\/2025\/10\/thum_the_1st_new_life_concert.jpg","datePublished":"2000-12-28T07:00:00+00:00","dateModified":"2025-10-16T00:57:35+00:00","author":{"@id":"https:\/\/intlweloveu.org\/#\/schema\/person\/ea759265f3aa06bab539b05700e3871f"},"breadcrumb":{"@id":"https:\/\/intlweloveu.org\/es\/the-1st-new-life-concert\/#breadcrumb"},"inLanguage":"es","potentialAction":[{"@type":"ReadAction","target":["https:\/\/intlweloveu.org\/es\/the-1st-new-life-concert\/"]}]},{"@type":"ImageObject","inLanguage":"es","@id":"https:\/\/intlweloveu.org\/es\/the-1st-new-life-concert\/#primaryimage","url":"https:\/\/intlweloveu.org\/wp-content\/uploads\/2025\/10\/thum_the_1st_new_life_concert.jpg","contentUrl":"https:\/\/intlweloveu.org\/wp-content\/uploads\/2025\/10\/thum_the_1st_new_life_concert.jpg","width":1170,"height":550},{"@type":"BreadcrumbList","@id":"https:\/\/intlweloveu.org\/es\/the-1st-new-life-concert\/#breadcrumb","itemListElement":[{"@type":"ListItem","position":1,"name":"\ud648","item":"https:\/\/intlweloveu.org\/es\/"},{"@type":"ListItem","position":2,"name":"1.er\u00a0Concierto Nueva Vida"}]},{"@type":"WebSite","@id":"https:\/\/intlweloveu.org\/#website","url":"https:\/\/intlweloveu.org\/","name":"The Intl. WeLoveU Foundation","description":"El Amor de la Madre al Mundo Entero","alternateName":"\uad6d\uc81c\uc704\ub7ec\ube0c\uc720\uc6b4\ub3d9\ubcf8\ubd80","potentialAction":[{"@type":"SearchAction","target":{"@type":"EntryPoint","urlTemplate":"https:\/\/intlweloveu.org\/?s={search_term_string}"},"query-input":{"@type":"PropertyValueSpecification","valueRequired":true,"valueName":"search_term_string"}}],"inLanguage":"es"},{"@type":"Person","@id":"https:\/\/intlweloveu.org\/#\/schema\/person\/ea759265f3aa06bab539b05700e3871f","name":"\uc815 \uc9c0\uc6b0"}]}},"_links":{"self":[{"href":"https:\/\/intlweloveu.org\/es\/wp-json\/wp\/v2\/posts\/16141","targetHints":{"allow":["GET"]}}],"collection":[{"href":"https:\/\/intlweloveu.org\/es\/wp-json\/wp\/v2\/posts"}],"about":[{"href":"https:\/\/intlweloveu.org\/es\/wp-json\/wp\/v2\/types\/post"}],"author":[{"embeddable":true,"href":"https:\/\/intlweloveu.org\/es\/wp-json\/wp\/v2\/users\/8"}],"replies":[{"embeddable":true,"href":"https:\/\/intlweloveu.org\/es\/wp-json\/wp\/v2\/comments?post=16141"}],"version-history":[{"count":4,"href":"https:\/\/intlweloveu.org\/es\/wp-json\/wp\/v2\/posts\/16141\/revisions"}],"predecessor-version":[{"id":16190,"href":"https:\/\/intlweloveu.org\/es\/wp-json\/wp\/v2\/posts\/16141\/revisions\/16190"}],"wp:featuredmedia":[{"embeddable":true,"href":"https:\/\/intlweloveu.org\/es\/wp-json\/wp\/v2\/media\/16135"}],"wp:attachment":[{"href":"https:\/\/intlweloveu.org\/es\/wp-json\/wp\/v2\/media?parent=16141"}],"wp:term":[{"taxonomy":"category","embeddable":true,"href":"https:\/\/intlweloveu.org\/es\/wp-json\/wp\/v2\/categories?post=16141"},{"taxonomy":"post_tag","embeddable":true,"href":"https:\/\/intlweloveu.org\/es\/wp-json\/wp\/v2\/tags?post=16141"}],"curies":[{"name":"wp","href":"https:\/\/api.w.org\/{rel}","templated":true}]}}